{"641195":{"titulo":"BRASILEIR\u00c3O: Ponte briga pelo G4, Tim\u00e3o recebe \u201cfregu\u00eas\u201d, e Palmeiras quer acabar com \u201cmaldi\u00e7\u00e3o da Arena\u201d","link":"https:\/\/www.futebolinterior.com.br\/brasileirao-ponte-briga-pelo-g4-timao-recebe-fregues-e-palmeiras-quer-acabar-com-maldicao-da-arena\/","chapeu":"DUELOS COMPLICADOS...","data":"12\/06\/2015","imagem":"https:\/\/images.futebolinterior.com.br\/2021\/04\/0002050087144_img-300x169.jpg","resumo":"A 7\u00aa rodada do Campeonato Brasileiro promete ser emocionante tanto na parte de cima da tabela, como na parte inferior. A Ponte Preta recebe o Goi\u00e1s no hor\u00e1rio matinal do domingo"},"641148":{"titulo":"Giovanni Dimarzio encerra especula\u00e7\u00f5es e confirma Ponte com for\u00e7a m\u00e1xima","link":"https:\/\/www.futebolinterior.com.br\/giovanni-dimarzio-encerra-especulacoes-e-confirma-ponte-com-forca-maxima\/","chapeu":"\u00d3TIMA NOT\u00cdCIA","data":"12\/06\/2015","imagem":"https:\/\/images.futebolinterior.com.br\/2021\/04\/0002050087174_img.jpg","resumo":"Marcelo Lomba, Rodinei, Pablo, Fernando Bob, Renato Caj\u00e1 e Biro Biro s\u00e3o os principais destaques da Ponte neste in\u00edcio de Brasileir\u00e3o e est\u00e3o confirmados entre os titulares"},"641172":{"titulo":"Doriva decide refor\u00e7ar meio-campo do Vasco para jogo com o Cruzeiro","link":"https:\/\/www.futebolinterior.com.br\/doriva-decide-reforcar-meio-campo-do-vasco-para-jogo-com-o-cruzeiro\/","chapeu":"MEDO DE PERDER?","data":"12\/06\/2015","imagem":"https:\/\/images.futebolinterior.com.br\/2021\/04\/0002050087166_img-300x200.jpg","resumo":"Apesar da p\u00e9ssima campanha no Brasileir\u00e3o, em que ocupa a pen\u00faltima coloca\u00e7\u00e3o, com apenas um gol marcado, o Vasco parece mais preocupado em n\u00e3o perder o jogo diante do Cruzeiro"},"641182":{"titulo":"Rodrigo Caetano, dirigente do Flamengo, diz que est\u00e1 perto de acertar com Emerson","link":"https:\/\/www.futebolinterior.com.br\/rodrigo-caetano-dirigente-do-flamengo-diz-que-esta-perto-de-acertar-com-emerson\/","chapeu":"QUASE L\u00c1...","data":"12\/06\/2015","imagem":"https:\/\/images.futebolinterior.com.br\/2021\/04\/0002050087165_img-300x193.jpg","resumo":"O Flamengo est\u00e1 pr\u00f3ximo de acertar a contrata\u00e7\u00e3o do atacante Emerson, revelou o diretor executivo de futebol, Rodrigo Caetano, nesta sexta-feira. O jogador j\u00e1 n\u00e3o est\u00e1 nos planos d"},"641180":{"titulo":"Enderson Moreira testa Marcos Junior no lugar de Wagner no Fluminense","link":"https:\/\/www.futebolinterior.com.br\/enderson-moreira-testa-marcos-junior-no-lugar-de-wagner-no-fluminense\/","chapeu":"SUBSTITUTO?","data":"12\/06\/2015","imagem":"https:\/\/images.futebolinterior.com.br\/2021\/04\/0002050087162_img-300x201.jpg","resumo":"Ap\u00f3s indicar que havia decidido pela entrada de Pierre na vaga de Wagner, suspenso, o t\u00e9cnico Enderson Moreira agora opta pelo mist\u00e9rio para a partida do Fluminense"},"641159":{"titulo":"Coritiba tenta contrata\u00e7\u00e3o de Kleber Gladiador, ex-Palmeiras e Gr\u00eamio","link":"https:\/\/www.futebolinterior.com.br\/coritiba-tenta-contratacao-de-kleber-gladiador-ex-palmeiras-e-gremio\/","chapeu":"NA MIRA...","data":"12\/06\/2015","imagem":"https:\/\/images.futebolinterior.com.br\/2021\/04\/0002050087161_img-300x200.jpg","resumo":"Sal\u00e1rio do jogador \u00e9 principal entrave para negocia\u00e7\u00e3o"},"641170":{"titulo":"Chapecoense x S\u00e3o Paulo - As canetadas mais uma vez ser\u00e3o testadas!","link":"https:\/\/www.futebolinterior.com.br\/chapecoense-x-sao-paulo-as-canetadas-mais-uma-vez-serao-testadas\/","chapeu":"\u00a1VAMOS, PROFE!","data":"12\/06\/2015","imagem":"https:\/\/images.futebolinterior.com.br\/2021\/04\/0002050087158_img-300x193.jpg","resumo":"Precisando consolidar seu sistema de jogo no S\u00e3o Paulo, o t\u00e9cnico Juan Carlos Os\u00f3rio ter\u00e1 outro desafio pela frente"},"641174":{"titulo":"Rec\u00e9m-contratado, Andr\u00e9 pode estrear pelo Sport neste s\u00e1bado","link":"https:\/\/www.futebolinterior.com.br\/recem-contratado-andre-pode-estrear-pelo-sport-neste-sabado\/","chapeu":"ser\u00e1?","data":"12\/06\/2015","imagem":"https:\/\/images.futebolinterior.com.br\/2021\/04\/0002050087157_img-300x206.jpg","resumo":"Anunciado na \u00faltima quarta-feira como novo refor\u00e7o do Sport ao lado de Marlone, Andr\u00e9 j\u00e1 pode fazer sua estreia com a camisa rubronegra neste s\u00e1bado, quando o Le\u00e3o enfrenta o JEC"},"641191":{"titulo":"Alberto Valentim faz mist\u00e9rio e pode escalar Cleiton Xavier no Palmeiras","link":"https:\/\/www.futebolinterior.com.br\/alberto-valentim-faz-misterio-e-pode-escalar-cleiton-xavier-no-palmeiras\/","chapeu":"CARA NOVA?","data":"12\/06\/2015","imagem":"https:\/\/images.futebolinterior.com.br\/2021\/04\/0002050087150_img-300x186.jpg","resumo":"O t\u00e9cnico interino Alberto Valentim j\u00e1 tem definido o time do Palmeiras para enfrentar o Fluminense, domingo, \u00e0s 16 horas, mas n\u00e3o quis revelar durante entrevista coletiva nesta "},"641187":{"titulo":"Corinthians freia busca por refor\u00e7os e busca empr\u00e9stimo para pagar atrasados","link":"https:\/\/www.futebolinterior.com.br\/corinthians-freia-busca-por-reforcos-e-busca-emprestimo-para-pagar-atrasados\/","chapeu":"PRIORIDADES","data":"12\/06\/2015","imagem":"https:\/\/images.futebolinterior.com.br\/2021\/04\/0002050087148_img-300x200.jpg","resumo":"A prioridade da diretoria, segundo o presidente Roberto de Andrade, \u00e9 quitar os direitos de imagem atrasados dos jogadores que est\u00e3o no elenco"}}