{"607874":{"titulo":"Time do Rio \u00e9 obrigado a mudar escudo para fazer acordo com o Corinthians","link":"https:\/\/www.futebolinterior.com.br\/time-do-rio-e-obrigado-a-mudar-escudo-para-fazer-acordo-com-o-corinthians\/","chapeu":"VERDE, N\u00c3O!","data":"22\/10\/2015","imagem":"https:\/\/images.futebolinterior.com.br\/2021\/04\/0002050122996_img-300x180.jpg","resumo":"O Tigres do Brasil, fundado em 2004, teve ascens\u00e3o r\u00e1pida e j\u00e1 disputa a primeira divis\u00e3o do Campeonato Carioca"},"607897":{"titulo":"C\u00e1ssio mostra confian\u00e7a ap\u00f3s ser convocado: 'Fui chamado por ter m\u00e9ritos'","link":"https:\/\/www.futebolinterior.com.br\/cassio-mostra-confianca-apos-ser-convocado-fui-chamado-por-ter-meritos\/","chapeu":"PARED\u00c3O!","data":"22\/10\/2015","imagem":"https:\/\/images.futebolinterior.com.br\/2021\/04\/0002050122984_img-300x188.jpg","resumo":"O goleiro \u00e9 um dos quatro convocados do Corinthians ao lado de Gil, Elias e Renato Augusto"},"607913":{"titulo":"Com dois desfalques, Argel monta Inter com Z\u00e9 M\u00e1rio e Vitinho no time","link":"https:\/\/www.futebolinterior.com.br\/com-dois-desfalques-argel-monta-inter-com-ze-mario-e-vitinho-no-time\/","chapeu":"MONTANDO O ELENCO!","data":"22\/10\/2015","imagem":"https:\/\/images.futebolinterior.com.br\/2021\/04\/0002050122977_img-300x200.jpg","resumo":" Com dois desfalques certos, o t\u00e9cnico Argel come\u00e7ou a montar a equipe do Internacional que vai enfrentar o Joinville, domingo, \u00e0s 18h30, no Beira-Rio"},"607994":{"titulo":"STJD aumenta puni\u00e7\u00e3o e Emerson desfalca Fla contra o Corinthians","link":"https:\/\/www.futebolinterior.com.br\/stjd-aumenta-punicao-e-emerson-desfalca-fla-contra-o-corinthians\/","chapeu":"MAIS TEMPO FORA...","data":"22\/10\/2015","imagem":"https:\/\/images.futebolinterior.com.br\/2021\/04\/0002050122933_img.jpg","resumo":"O t\u00e9cnico Oswaldo de Oliveira n\u00e3o poder\u00e1 contar com Emerson para os dois pr\u00f3ximos jogos do Flamengo no Brasileir\u00e3o"},"607981":{"titulo":"Wallyson, do Coritiba, \u00e9 v\u00edtima de assalto no Rio Grane do Norte","link":"https:\/\/www.futebolinterior.com.br\/wallyson-do-coritiba-e-vitima-de-assalto-no-rio-grane-do-norte\/","chapeu":"DEU RUIM","data":"22\/10\/2015","imagem":"https:\/\/images.futebolinterior.com.br\/2021\/04\/0002050122926_img-300x210.jpg","resumo":"O jogador tem tanta sorte, que esta \u00e9 a segunda vez que \u00e9 assaltado no munic\u00edpio"},"608007":{"titulo":"Grolli e Marcos Vin\u00edcius treinam nas vagas de Manoel e Allano no Cruzeiro","link":"https:\/\/www.futebolinterior.com.br\/grolli-e-marcos-vinicius-treinam-nas-vagas-de-manoel-e-allano-no-cruzeiro\/","chapeu":"BOA OPORTUNIDADE!","data":"22\/10\/2015","imagem":"https:\/\/images.futebolinterior.com.br\/2021\/04\/0002050122917_img-300x225.jpg","resumo":"O t\u00e9cnico Mano Menezes comandou treino t\u00e1tico nesta quinta-feira e indicou os titulares do Cruzeiro que enfrentar\u00e3o o Goi\u00e1s no domingo, no Serra Dourada, pelo Campeonato Brasileiro"},"608011":{"titulo":"Treino do Gr\u00eamio tem volta de Luan e indica\u00e7\u00e3o de Thyere como titular","link":"https:\/\/www.futebolinterior.com.br\/treino-do-gremio-tem-volta-de-luan-e-indicacao-de-thyere-como-titular\/","chapeu":"TIME DESENHADO...","data":"22\/10\/2015","imagem":"https:\/\/images.futebolinterior.com.br\/2021\/04\/0002050122913_img-300x134.jpg","resumo":"O t\u00e9cnico Roger Machado come\u00e7ou a esbo\u00e7ar a escala\u00e7\u00e3o do Gr\u00eamio para encarar o Vasco, domingo, no Maracan\u00e3, pela 32.\u00aa rodada do Campeonato Brasileiro"},"607996":{"titulo":"Garantido na Libertadores, Corinthians contrata goleiro Douglas, do Bragantino","link":"https:\/\/www.futebolinterior.com.br\/garantido-na-libertadores-corinthians-contrata-goleiro-douglas-do-bragantino\/","chapeu":"S\u00d3 FALTA ASSINAR","data":"22\/10\/2015","imagem":"https:\/\/images.futebolinterior.com.br\/2021\/04\/0002050122915_img-300x146.jpg","resumo":"Al\u00e9m de Douglas, o Tim\u00e3o j\u00e1 acertou verbalmente com o meia Alan Mineiro, tamb\u00e9m do Bragantino. O goleiro pode substituir Cassio, que recebeu proposta do Fernerbahce"},"608009":{"titulo":"Oswaldo elogia Corinthians, mas confia em 'ponto fora da curva' no Flamengo","link":"https:\/\/www.futebolinterior.com.br\/oswaldo-elogia-corinthians-mas-confia-em-ponto-fora-da-curva-no-flamengo\/","chapeu":"ZEBRA RUBRO-NEGRA?","data":"22\/10\/2015","imagem":"https:\/\/images.futebolinterior.com.br\/2021\/04\/0002050122909_img-295x300.jpg","resumo":"Oswaldo de Oliveira confia em um \"ponto fora da curva\" e aposta na vit\u00f3ria diante do Corinthians no Itaquer\u00e3o"},"608025":{"titulo":"Em assembleia, Ponte Preta muda estatuto social para aderir ao Profut","link":"https:\/\/www.futebolinterior.com.br\/em-assembleia-ponte-preta-muda-estatuto-social-para-aderir-ao-profut\/","chapeu":"DECIDIDO","data":"22\/10\/2015","imagem":"https:\/\/images.futebolinterior.com.br\/2021\/04\/0002050122894_img-300x225.jpg","resumo":"Em Assembleia Geral no Sal\u00e3o Nobre do est\u00e1dio Mois\u00e9s Lucarelli, a Ponte Preta decidiu na noite de quarta-feira por mudan\u00e7as no estatuto social do clube"}}