{"608060":{"titulo":"Fred deixa Maracan\u00e3 mancando, mas diz estar 'bem melhor' e tranquiliza o Flu","link":"https:\/\/www.futebolinterior.com.br\/fred-deixa-maracana-mancando-mas-diz-estar-bem-melhor-e-tranquiliza-o-flu\/","chapeu":"UFA","data":"22\/10\/2015","imagem":"https:\/\/images.futebolinterior.com.br\/2021\/04\/0002050122886_img-300x154.jpg","resumo":"Fred acabou n\u00e3o dando entrevista coletiva ap\u00f3s o duelo diante do Palmeiras, no qual foi decisivo ao participar das jogadas dos dois gols do Fluminense"},"608039":{"titulo":"Lateral Cear\u00e1 revela proposta da China e define seu futuro no Cruzeiro","link":"https:\/\/www.futebolinterior.com.br\/lateral-ceara-revela-proposta-da-china-e-define-seu-futuro-no-cruzeiro\/","chapeu":"E AGORA?","data":"22\/10\/2015","imagem":"https:\/\/images.futebolinterior.com.br\/2021\/04\/0002050122880_img-300x190.jpg","resumo":"O lateral-direito Cear\u00e1 j\u00e1 definiu seu futuro: ele quer ficar no Cruzeiro para a pr\u00f3xima temporada"},"608046":{"titulo":"N\u00e3o vai ter festa! Organizada do Figueirense \u00e9 proibida de entrar em est\u00e1dios at\u00e9 2016","link":"https:\/\/www.futebolinterior.com.br\/nao-vai-ter-festa-organizada-do-figueirense-e-proibida-de-entrar-em-estadios-ate-2016\/","chapeu":"SEM CARNAVAL","data":"22\/10\/2015","imagem":"https:\/\/images.futebolinterior.com.br\/2021\/04\/0002050122878_img-300x199.jpg","resumo":"Gavi\u00f5es Alvinegros foi proibida de entrar nos est\u00e1dios com roupas e ou qualquer acess\u00f3rio que fa\u00e7a refer\u00eancia \u00e0 organizada e o uso de instrumentos musicais"},"608050":{"titulo":"Flamengo fica pr\u00f3ximo de William Ar\u00e3o, do Botafogo para 2016","link":"https:\/\/www.futebolinterior.com.br\/flamengo-fica-proximo-de-william-arao-do-botafogo-para-2016\/","chapeu":"NEGOCIANDO","data":"22\/10\/2015","imagem":"https:\/\/images.futebolinterior.com.br\/2021\/04\/0002050122873_img-300x200.jpg","resumo":"Mesmo diante disso, a diretoria do Bota ainda acredita na perman\u00eancia do volante"},"608070":{"titulo":"\"Tenho que viver minha vida\", Pato cobra S\u00e3o Paulo e admite voltar ao Corinthians","link":"https:\/\/www.futebolinterior.com.br\/tenho-que-viver-minha-vida-pato-cobra-sao-paulo-e-admite-voltar-ao-corinthians\/","chapeu":"VISH...","data":"22\/10\/2015","imagem":"https:\/\/images.futebolinterior.com.br\/2021\/04\/0002050122867_img-300x157.jpg","resumo":"ato tem 25 gols no ano e \u00e9 o artilheiro da equipe na temporada"},"608136":{"titulo":"Leco confirma volta de dirigente desafeto de Aidar ao S\u00e3o Paulo","link":"https:\/\/www.futebolinterior.com.br\/leco-confirma-volta-de-dirigente-desafeto-de-aidar-ao-sao-paulo\/","chapeu":"DEFINIDO!","data":"21\/10\/2015","imagem":"https:\/\/images.futebolinterior.com.br\/2021\/04\/0002050122764_img-300x169.jpg","resumo":"O diretor-executivo (CEO) Alexandre Bourgeois reassumiu o cargo nesta semana no lugar de Paulo Ricardo de Oliveira"},"608162":{"titulo":"Vice da CBF, Delfim \u00e9 denunciado no STJD e pode ser suspenso por 6 meses","link":"https:\/\/www.futebolinterior.com.br\/vice-da-cbf-delfim-e-denunciado-no-stjd-e-pode-ser-suspenso-por-6-meses\/","chapeu":"CULPADO?","data":"21\/10\/2015","imagem":"https:\/\/images.futebolinterior.com.br\/2021\/04\/0002050122760_img.jpg","resumo":"O STJD apresentou den\u00fancia nesta quarta-feira contra o vice-presidente da Confedera\u00e7\u00e3o Brasileira de Futebol (CBF) Delfim Peixoto"},"608146":{"titulo":"Conmebol e Concacaf anunciam rompimento com empresa que pagou subornos","link":"https:\/\/www.futebolinterior.com.br\/conmebol-e-concacaf-anunciam-rompimento-com-empresa-que-pagou-subornos\/","chapeu":"SUJEIRA","data":"21\/10\/2015","imagem":"https:\/\/images.futebolinterior.com.br\/2021\/04\/0002050122765_img-300x170.jpg","resumo":"Com isso, ambas as entidades derrubaram uma barreira que atrapalhava a realiza\u00e7\u00e3o da Copa Am\u00e9rica Centen\u00e1rio no ano que vem, nos Estados Unidos"},"608183":{"titulo":"Leonardo Silva e D\u00e1tolo treinam e podem voltar ao Atl\u00e9tico-MG","link":"https:\/\/www.futebolinterior.com.br\/leonardo-silva-e-datolo-treinam-e-podem-voltar-ao-atletico-mg\/","chapeu":"AJUDINHA BEM-VINDA!","data":"21\/10\/2015","imagem":"https:\/\/images.futebolinterior.com.br\/2021\/04\/0002050122753_img.jpg","resumo":"Recuperados de problemas f\u00edsicos, o zagueiro Leonardo Silva e o meia D\u00e1tolo trabalharam normalmente e podem voltar ao time diante da Ponte Preta"},"608150":{"titulo":"Gr\u00eamio pode passar rasteira no Palmeiras e ficar com Apodi da Chapecoense","link":"https:\/\/www.futebolinterior.com.br\/gremio-pode-passar-rasteira-no-palmeiras-e-ficar-com-apodi-da-chapecoense\/","chapeu":"VEM REFOR\u00c7OS POR A\u00cd?","data":"21\/10\/2015","imagem":"https:\/\/images.futebolinterior.com.br\/2021\/04\/0002050122754_img-300x169.jpg","resumo":"Al\u00e9m do lateral, o Tricolor estuda tamb\u00e9m a contrata\u00e7\u00e3o do meia Nik\u00e3o, ex-Ponte"}}