{"607803":{"titulo":"Santos negocia com Marquinhos Gabriel e Leandro para o ano que vem","link":"https:\/\/www.futebolinterior.com.br\/santos-negocia-com-marquinhos-gabriel-e-leandro-para-o-ano-que-vem\/","chapeu":"NA MIRA","data":"23\/10\/2015","imagem":"https:\/\/images.futebolinterior.com.br\/2021\/04\/0002050123054_img-300x200.jpg","resumo":"O Peixe volta a campo neste s\u00e1bado para enfrentar o Figueirense, \u00e0s 18h30, no Est\u00e1dio Orlando Scarpelli, em Florian\u00f3polis"},"607818":{"titulo":"Corinthians divide CT com sele\u00e7\u00e3o brasileira, mas mant\u00e9m oposi\u00e7\u00e3o \u00e0 CBF","link":"https:\/\/www.futebolinterior.com.br\/corinthians-divide-ct-com-selecao-brasileira-mas-mantem-oposicao-a-cbf\/","chapeu":"EM CASA","data":"23\/10\/2015","imagem":"https:\/\/images.futebolinterior.com.br\/2021\/04\/0002050123051_img-300x169.jpg","resumo":"O Corinthians \u00e9 l\u00edder do Campeonato Brasileiro e tamb\u00e9m da lista de convocados na \u00faltima quinta-feira por Dunga para defender a sele\u00e7\u00e3o brasileira "},"607820":{"titulo":"Rei do Futebol, Pel\u00e9 completa 75 anos nesta sexta sem perder o f\u00f4lego","link":"https:\/\/www.futebolinterior.com.br\/rei-do-futebol-pele-completa-75-anos-nesta-sexta-sem-perder-o-folego\/","chapeu":"PARAB\u00c9NS REAL","data":"23\/10\/2015","imagem":"https:\/\/images.futebolinterior.com.br\/2021\/04\/0002050123050_img-300x200.jpg","resumo":"Pel\u00e9 completa nesta sexta-feira 75 anos. Contrariando muita gente, ele n\u00e3o \u00e9 um senhor de cabelos brancos, bigode grosso e que passa os dias sentado em uma cadeira"},"607829":{"titulo":"Flamengo deve jogar contra Ponte no Man\u00e9 Garrincha","link":"https:\/\/www.futebolinterior.com.br\/flamengo-deve-jogar-contra-ponte-no-mane-garrincha\/","chapeu":"MUDAN\u00c7A DE LOCAL!","data":"22\/10\/2015","imagem":"https:\/\/images.futebolinterior.com.br\/2021\/04\/0002050123044_img-300x169.jpg","resumo":"O Meng\u00e3o teve que mudar o local do jogo devido o show da banda Pearl Jam"},"607835":{"titulo":"Diego Souza e Ded\u00e9 est\u00e3o na lista do Flamengo para 2016","link":"https:\/\/www.futebolinterior.com.br\/diego-souza-e-dede-estao-na-lista-do-flamengo-para-2016\/","chapeu":"DE OLHO NO MERCADO!","data":"22\/10\/2015","imagem":"https:\/\/images.futebolinterior.com.br\/2021\/04\/0002050123034_img-300x169.jpg","resumo":"Al\u00e9m da dupla, Yago Pikachu, Anderson Martins e Willian Ar\u00e3o pode parar no Meng\u00e3o no pr\u00f3ximo ano"},"607825":{"titulo":"Biografia de Alex, ex-craque de Palmeiras e Coritiba, ser\u00e1 lan\u00e7ada no dia 24 de novembro","link":"https:\/\/www.futebolinterior.com.br\/biografia-de-alex-ex-craque-de-palmeiras-e-coritiba-sera-lancada-no-dia-24-de-novembro\/","chapeu":"GARANTA O SEU!","data":"22\/10\/2015","imagem":"https:\/\/images.futebolinterior.com.br\/2021\/04\/0002050123048_img-300x179.jpg","resumo":"A obra trar\u00e1 relatos de pessoas que de alguma forma participaram da vida de Alexsandro de Souza, o menino de ouro do Coxa"},"607845":{"titulo":"Vasco estuda 'defeitos' do Gr\u00eamio e faz mais um treino fechado","link":"https:\/\/www.futebolinterior.com.br\/vasco-estuda-defeitos-do-gremio-e-faz-mais-um-treino-fechado\/","chapeu":"MIST\u00c9RIO","data":"22\/10\/2015","imagem":"https:\/\/images.futebolinterior.com.br\/2021\/04\/0002050123031_img-300x200.jpg","resumo":"T\u00e9cnico Jorginho utilizou v\u00eddeos das \u00faltimas partidas do Tricolor Ga\u00facho para instruir seus jogadores"},"607847":{"titulo":"Corinthians muda estrat\u00e9gia e passa a valorizar Alexandre Pato, ainda emprestado ao S\u00e3o Paulo","link":"https:\/\/www.futebolinterior.com.br\/corinthians-muda-estrategia-e-passa-a-valorizar-alexandre-pato-ainda-emprestado-ao-sao-paulo\/","chapeu":"CRAQUE!","data":"22\/10\/2015","imagem":"https:\/\/images.futebolinterior.com.br\/2021\/04\/0002050123015_img-300x225.jpg","resumo":"A diretoria do Tim\u00e3o estaria se mexendo para conseguir negociar o atacante, que ainda pertence ao clube."},"607849":{"titulo":"Levir monta Atl\u00e9tico-MG com voltas de Luan, D\u00e1tolo e Leonardo Silva contra Ponte Preta","link":"https:\/\/www.futebolinterior.com.br\/levir-monta-atletico-mg-com-voltas-de-luan-datolo-e-leonardo-silva-contra-ponte-preta\/","chapeu":"TUDO PREPARADO!","data":"22\/10\/2015","imagem":"https:\/\/images.futebolinterior.com.br\/2021\/04\/0002050123017_img-300x180.jpg","resumo":"Ap\u00f3s cumprir suspens\u00e3o na goleada por 4 a 1 para o Sport, no fim de semana, o \"queridinho\" da massa recupera a posi\u00e7\u00e3o no lugar de Carlos"},"607865":{"titulo":"Pode cravar: Santos est\u00e1 na final da Copa do Brasil e Palmeiras pode chegar!","link":"https:\/\/www.futebolinterior.com.br\/pode-cravar-santos-esta-na-final-da-copa-do-brasil-e-palmeiras-pode-chegar\/","chapeu":"OPINI\u00c3O","data":"22\/10\/2015","imagem":"https:\/\/images.futebolinterior.com.br\/2021\/04\/0002050123002_img-300x221.jpg","resumo":"Como ultimamente ningu\u00e9m ganha do Peixe dentro da Vila, a expectativa para a pr\u00f3xima quarta-feira \u00e9 a de que o Santos confirme o resultado do Morumbi"}}