{"608447":{"titulo":"R\u00e1dio Regional FM promete um show de transmiss\u00e3o no final de semana","link":"https:\/\/www.futebolinterior.com.br\/radio-regional-fm-promete-um-show-de-transmissao-no-final-de-semana\/","chapeu":"IMPERD\u00cdVEL!","data":"23\/10\/2015","imagem":"https:\/\/images.futebolinterior.com.br\/2021\/04\/0002050123161_img-300x225.jpg","resumo":"R\u00e1dio Regional FM promete um show de transmiss\u00e3o no final de semana"},"607663":{"titulo":"Gr\u00eamio acerta a renova\u00e7\u00e3o do contrato de Edinho por mais dois anos","link":"https:\/\/www.futebolinterior.com.br\/gremio-acerta-a-renovacao-do-contrato-de-edinho-por-mais-dois-anos\/","chapeu":"A\u00cd SIM","data":"23\/10\/2015","imagem":"https:\/\/images.futebolinterior.com.br\/2021\/04\/0002050123145_img-300x200.jpg","resumo":"Com passagem vitoriosa pelo Internacional, Edinho jogou por Lecce (It\u00e1lia), Palmeiras e Fluminense antes de chegar ao Gr\u00eamio"},"607761":{"titulo":"Vazamento de informa\u00e7\u00f5es sobre os treinos preocupa Dorival Junior no Santos","link":"https:\/\/www.futebolinterior.com.br\/vazamento-de-informacoes-sobre-os-treinos-preocupa-dorival-junior-no-santos\/","chapeu":"SEGREDO!","data":"23\/10\/2015","imagem":"https:\/\/images.futebolinterior.com.br\/2021\/04\/0002050123097_img.jpg","resumo":"Dorival Junior realizou um treinamento secreto na manh\u00e3 desta sexta-feira, no CT Rei Pel\u00e9, antes de enfrentar o Figueirense pelo Campeonato Brasileiro"},"607772":{"titulo":"Ap\u00f3s duas derrotas, Alan Patrick cobra marca\u00e7\u00e3o 'intensa' no Flamengo","link":"https:\/\/www.futebolinterior.com.br\/apos-duas-derrotas-alan-patrick-cobra-marcacao-intensa-no-flamengo\/","chapeu":"TAREFA DIF\u00cdCIL!","data":"23\/10\/2015","imagem":"https:\/\/images.futebolinterior.com.br\/2021\/04\/0002050123096_img-300x170.jpg","resumo":"Preocupado com a sequ\u00eancia negativa do Flamengo, o meia Alan Patrick cobrou nesta sexta-feira marca\u00e7\u00e3o \"intensa\" da equipe carioca na partida contra o l\u00edder Corinthians"},"607763":{"titulo":"Doriva diz que time de Osorio era 'descompactado' e v\u00ea time evoluir no cl\u00e1ssico","link":"https:\/\/www.futebolinterior.com.br\/doriva-diz-que-time-de-osorio-era-descompactado-e-ve-time-evoluir-no-classico\/","chapeu":"EXPLICA\u00c7\u00d5ES","data":"23\/10\/2015","imagem":"https:\/\/images.futebolinterior.com.br\/2021\/04\/0002050123086_img-300x208.jpg","resumo":"Nos tr\u00eas jogos sob seu comando, o S\u00e3o Paulo perdeu para Fluminense e Santos, al\u00e9m de ter empatado com o Vasco"},"607747":{"titulo":"Santos vai atr\u00e1s de Pedro Geromel, que pode ser trocado por Galhardo","link":"https:\/\/www.futebolinterior.com.br\/santos-vai-atras-de-pedro-geromel-que-pode-ser-trocado-por-galhardo\/","chapeu":"CARTA NA MANGA","data":"23\/10\/2015","imagem":"https:\/\/images.futebolinterior.com.br\/2021\/04\/0002050123085_img.jpg","resumo":"Peixe estuda a contrata\u00e7\u00e3o de Geromel e quer usar o lateral Galhardo como trunfo. O lateral, que pertence ao Santos, agradou os gremistas que querem mant\u00ea-lo"},"607779":{"titulo":"Gr\u00eamio perde Luan por les\u00e3o e Roger escala Thyere e Pedro Rocha como titulares","link":"https:\/\/www.futebolinterior.com.br\/gremio-perde-luan-por-lesao-e-roger-escala-thyere-e-pedro-rocha-como-titulares\/","chapeu":"BAIXA!","data":"23\/10\/2015","imagem":"https:\/\/images.futebolinterior.com.br\/2021\/04\/0002050123084_img-300x208.jpg","resumo":"O tricolor ga\u00facho enfrenta \u00e0s 17 horas deste domingo, em jogo v\u00e1lido pela 32\u00aa rodada do Brasileir\u00e3o."},"607774":{"titulo":"Cleber, ex-Ponte e Corinthians, \u00e9 procurado por Flamengo","link":"https:\/\/www.futebolinterior.com.br\/cleber-ex-ponte-e-corinthians-e-procurado-por-flamengo\/","chapeu":"REFOR\u00c7O?","data":"23\/10\/2015","imagem":"https:\/\/images.futebolinterior.com.br\/2021\/04\/0002050123072_img-300x207.jpg","resumo":"No m\u00eas passado, o zagueiro teria entrado em contato com ex-companheiros para voltar ao Tim\u00e3o."},"607794":{"titulo":"Chelsea, Manchester United e City sonham em contratar Lionel Messi","link":"https:\/\/www.futebolinterior.com.br\/chelsea-manchester-united-e-city-sonham-em-contratar-lionel-messi\/","chapeu":"SER\u00c1?","data":"23\/10\/2015","imagem":"https:\/\/images.futebolinterior.com.br\/2021\/04\/0002050123062_img-300x169.jpg","resumo":"O futebol ingl\u00eas parece que entrou de vez na briga para ter Lionel Messi na pr\u00f3xima temporada"},"607810":{"titulo":"Dorival diz que usar\u00e1 for\u00e7a m\u00e1xima e avisa: 'Santos buscar\u00e1 as duas competi\u00e7\u00f5es'","link":"https:\/\/www.futebolinterior.com.br\/dorival-diz-que-usara-forca-maxima-e-avisa-santos-buscara-as-duas-competicoes\/","chapeu":"EM ALTA","data":"23\/10\/2015","imagem":"https:\/\/images.futebolinterior.com.br\/2021\/04\/0002050123060_img-300x169.jpg","resumo":"Al\u00e9m de aguardar o resultado dos testes f\u00edsicos, que pode determinar o risco de les\u00e3o de algum atleta, o treinador tem d\u00favidas na zaga e no meio"}}