{"607570":{"titulo":"Fluminense x Atl\u00e9tico-PR - Tricolor n\u00e3o poupar\u00e1 jogadores e furac\u00e3o vai com for\u00e7a total","link":"https:\/\/www.futebolinterior.com.br\/fluminense-x-atletico-pr-tricolor-nao-poupara-jogadores-e-furacao-vai-com-forca-total\/","chapeu":"FOR\u00c7A M\u00c1XIMA!","data":"23\/10\/2015","imagem":"https:\/\/images.futebolinterior.com.br\/2021\/04\/0002050123209_img-300x168.jpg","resumo":"Na abertura da 32\u00aa rodada do Brasileir\u00e3o, o Fluminense receber\u00e1 o Atl\u00e9tico-PR em um confronto de meio de tabela, no Maracan\u00e3, neste s\u00e1bado, \u00e0s 17h"},"607576":{"titulo":"Jemerson n\u00e3o treina, mas Levir confia em ter o zagueiro contra a Ponte Preta","link":"https:\/\/www.futebolinterior.com.br\/jemerson-nao-treina-mas-levir-confia-em-ter-o-zagueiro-contra-a-ponte-preta\/","chapeu":"D\u00daVIDA","data":"23\/10\/2015","imagem":"https:\/\/images.futebolinterior.com.br\/2021\/04\/0002050123222_img-300x167.jpg","resumo":"Galo e Macaca medem for\u00e7as na Arena Independ\u00eancia, neste domingo, \u00e0s 19h30, pela 32\u00aa rodada do Brasileir\u00e3o"},"607583":{"titulo":"Palmeiras x Sport - Na briga pelo G4, Le\u00e3o tenta ultrapassar Verd\u00e3o na tabela","link":"https:\/\/www.futebolinterior.com.br\/palmeiras-x-sport-na-briga-pelo-g4-leao-tenta-ultrapassar-verdao-na-tabela\/","chapeu":"FOGO!","data":"23\/10\/2015","imagem":"https:\/\/images.futebolinterior.com.br\/2021\/04\/0002050123201_img-300x183.jpg","resumo":"Os time se enfrentam no Pacaembu \u00e0s 21 horas deste s\u00e1bado, em confronto direto pela zona de classifica\u00e7\u00e3o."},"607591":{"titulo":"Magno Alves treina na vaga de Fred e ser\u00e1 titular contra o Atl\u00e9tico-PR","link":"https:\/\/www.futebolinterior.com.br\/magno-alves-treina-na-vaga-de-fred-e-sera-titular-contra-o-atletico-pr\/","chapeu":"CONFIRMADO!","data":"23\/10\/2015","imagem":"https:\/\/images.futebolinterior.com.br\/2021\/04\/0002050123198_img-300x157.jpg","resumo":"O camisa 9 sofreu uma tor\u00e7\u00e3o no joelho e ser\u00e1 preservado para a partida contra o Palmeiras"},"607604":{"titulo":"Tite pede que torcida do Corinthians n\u00e3o vaie o flamenguista Guerrero","link":"https:\/\/www.futebolinterior.com.br\/tite-pede-que-torcida-do-corinthians-nao-vaie-o-flamenguista-guerrero\/","chapeu":"N\u00c3O CUSTA PEDIR...","data":"23\/10\/2015","imagem":"https:\/\/images.futebolinterior.com.br\/2021\/04\/0002050123193_img-300x208.jpg","resumo":"O treinador afirmou que o atacante tem uma \"hist\u00f3ria linda\" no Tim\u00e3o e que n\u00e3o merecer ser tratado dessa maneira."},"607594":{"titulo":"BRASILEIR\u00c3O: Briga pelo G4 esquenta neste s\u00e1bado com Palmeiras, Santos, Flu e Inter em campo","link":"https:\/\/www.futebolinterior.com.br\/brasileirao-briga-pelo-g4-esquenta-neste-sabado-com-palmeiras-santos-flu-e-inter-em-campo\/","chapeu":"RODADA QUENTE!","data":"23\/10\/2015","imagem":"https:\/\/images.futebolinterior.com.br\/2021\/04\/0002050123194_img-300x199.jpg","resumo":"Quatro jogos abrem a rodada, que se completa no domingo com mais seis partidas"},"607598":{"titulo":"Mano encerra d\u00favidas e confirma Paulo Andr\u00e9 como titular em Goi\u00e2nia","link":"https:\/\/www.futebolinterior.com.br\/mano-encerra-duvidas-e-confirma-paulo-andre-como-titular-em-goiania\/","chapeu":"DEFINIDO!","data":"23\/10\/2015","imagem":"https:\/\/images.futebolinterior.com.br\/2021\/04\/0002050123217_img-300x195.jpg","resumo":"A Raposa enfrenta o Goi\u00e1s, no Est\u00e1dio Serra Dourada, pela 32\u00aa rodada do Campeonato Brasileiro"},"607629":{"titulo":"Argel muda de ideia e escala Inter com Juan no lugar do suspenso Paul\u00e3o","link":"https:\/\/www.futebolinterior.com.br\/argel-muda-de-ideia-e-escala-inter-com-juan-no-lugar-do-suspenso-paulao\/","chapeu":"MUDANDO...","data":"23\/10\/2015","imagem":"https:\/\/images.futebolinterior.com.br\/2021\/04\/0002050123181_img-300x200.jpg","resumo":"Depois de simular a escal\u00e3o do Inter com Z\u00e9 M\u00e1rio na lateral esquerda e Ernando deslocado de volta \u00e0 zaga, o t\u00e9cnico Argel parece ter mudado de ideia, colocando Juan na zaga"},"607635":{"titulo":"Mano testa Paulo Andr\u00e9 e deixa d\u00favida sobre dupla de zaga do Cruzeiro","link":"https:\/\/www.futebolinterior.com.br\/mano-testa-paulo-andre-e-deixa-duvida-sobre-dupla-de-zaga-do-cruzeiro\/","chapeu":"MIST\u00c9RIO!","data":"23\/10\/2015","imagem":"https:\/\/images.futebolinterior.com.br\/2021\/04\/0002050123174_img-300x200.jpg","resumo":"O t\u00e9cnico Mano Menezes ainda n\u00e3o deu ind\u00edcios claros de quem ser\u00e1 o substituto do zagueiro Manoel na equipe que vai enfrentar o Goi\u00e1s"},"607641":{"titulo":"Geuv\u00e2nio se diz pronto e pode ser novidade do Santos: 'Estou mais preparado'","link":"https:\/\/www.futebolinterior.com.br\/geuvanio-se-diz-pronto-e-pode-ser-novidade-do-santos-estou-mais-preparado\/","chapeu":"PODE IR PRO JOGO!","data":"23\/10\/2015","imagem":"https:\/\/images.futebolinterior.com.br\/2021\/04\/0002050123168_img-300x130.jpg","resumo":"O meia Geuv\u00e2nio pode ser a novidade na escala\u00e7\u00e3o do Santos para encarar o Figueirense neste s\u00e1bado, em Florian\u00f3polis, pelo Campeonato Brasileiro"}}