{"607162":{"titulo":"Geuv\u00e2nio volta, mas posto de titular segue com Marquinhos Gabriel no Santos","link":"https:\/\/www.futebolinterior.com.br\/geuvanio-volta-mas-posto-de-titular-segue-com-marquinhos-gabriel-no-santos\/","chapeu":"CALMA L\u00c1","data":"26\/10\/2015","imagem":"https:\/\/images.futebolinterior.com.br\/2021\/04\/0002050123749_img-300x157.jpg","resumo":"O meia ficou fora cerca de 40 dias por causa de uma les\u00e3o muscular na coxa direita"},"607164":{"titulo":"Kardec entra para hist\u00f3ria com gol 10 mil do S\u00e3o Paulo e marca ap\u00f3s seis meses","link":"https:\/\/www.futebolinterior.com.br\/kardec-entra-para-historia-com-gol-10-mil-do-sao-paulo-e-marca-apos-seis-meses\/","chapeu":"HIST\u00d3RICO","data":"26\/10\/2015","imagem":"https:\/\/images.futebolinterior.com.br\/2021\/04\/0002050123748_img-300x200.jpg","resumo":"Kardec se recuperou de uma grave les\u00e3o no ligamento do joelho direito, ocorrida no dia 1.\u00ba de abril"},"607166":{"titulo":"Tite enaltece momento de Vagner Love no Corinthians: 'Trabalhou muito'","link":"https:\/\/www.futebolinterior.com.br\/tite-enaltece-momento-de-vagner-love-no-corinthians-trabalhou-muito\/","chapeu":"GOSTOU","data":"26\/10\/2015","imagem":"https:\/\/images.futebolinterior.com.br\/2021\/04\/0002050123747_img-300x169.jpg","resumo":"O atacante alcan\u00e7ou a marca de 11 no campeonato, tornando-se o vice-artilheiro do time, apenas um atr\u00e1s do meia Jadson "},"607175":{"titulo":"Sele\u00e7\u00e3o FI do Brasileir\u00e3o vem com t\u00e1tica de Tite e atacante esp\u00edrita","link":"https:\/\/www.futebolinterior.com.br\/selecao-fi-do-brasileirao-vem-com-tatica-de-tite-e-atacante-espirita\/","chapeu":"S\u00d3 CRAQUES!","data":"26\/10\/2015","imagem":"https:\/\/images.futebolinterior.com.br\/2021\/04\/0002050123718_img-300x200.jpg","resumo":"Selecionado vem com quatro meias e apenas um atacante"},"607183":{"titulo":"A cada dia mais o Corinthians chega perto do Hexacampeonato Brasileiro","link":"https:\/\/www.futebolinterior.com.br\/a-cada-dia-mais-o-corinthians-chega-perto-do-hexacampeonato-brasileiro\/","chapeu":"OPINI\u00c3O","data":"25\/10\/2015","imagem":"https:\/\/images.futebolinterior.com.br\/2021\/04\/0002050123720_img-300x181.jpg","resumo":"No domingo \u00e0 tarde, o Corinthians passou por cima do Flamengo, de Oswaldo de Oliveira, dentro do Itaquer\u00e3o. N\u00e3o foi uma vit\u00f3ria el\u00e1stica, mas foi uma vit\u00f3ria justa, merecida. "},"607198":{"titulo":"BRASILEIR\u00c3O: Galo continua vivo e aspirantes ao G4 seguem na \"dan\u00e7a das cadeiras\"","link":"https:\/\/www.futebolinterior.com.br\/brasileirao-galo-continua-vivo-e-aspirantes-ao-g4-seguem-na-danca-das-cadeiras\/","chapeu":"TROCA TROCA","data":"25\/10\/2015","imagem":"https:\/\/images.futebolinterior.com.br\/2021\/04\/0002050123678_img-300x170.jpg","resumo":"Todos os times que est\u00e3o lutando por uma vaga na zona de classifica\u00e7\u00e3o sofreram mudan\u00e7as na tabela."},"607207":{"titulo":"Doriva enaltece primeira vit\u00f3ria do S\u00e3o Paulo sob seu comando","link":"https:\/\/www.futebolinterior.com.br\/doriva-enaltece-primeira-vitoria-do-sao-paulo-sob-seu-comando\/","chapeu":"AL\u00cdVIO!","data":"25\/10\/2015","imagem":"https:\/\/images.futebolinterior.com.br\/2021\/04\/0002050123702_img-300x186.png","resumo":"O t\u00e9cnico Doriva tirou um peso das costas neste domingo, ap\u00f3s ver o S\u00e3o Paulo vencer o Coritiba por 2 a 1, no Couto Pereira, pelo Campeonato Brasileiro."},"607210":{"titulo":"'Campe\u00e3o virtual n\u00e3o existe, o que existe \u00e9 campe\u00e3o', diz Tite ap\u00f3s nova vit\u00f3ria do Corinthians","link":"https:\/\/www.futebolinterior.com.br\/campeao-virtual-nao-existe-o-que-existe-e-campeao-diz-tite-apos-nova-vitoria-do-corinthians\/","chapeu":"CAMPE\u00c3O VIRTUAL ?","data":"25\/10\/2015","imagem":"https:\/\/images.futebolinterior.com.br\/2021\/04\/0002050123695_img-300x200.jpg","resumo":"Ap\u00f3s os resultados deste domingo, o Corinthians pode ser campe\u00e3o na rodada 34, diante do Coritiba. Mas \u00e9 pouco prov\u00e1vel."},"607225":{"titulo":"Vit\u00f3ria sobre o Flamengo j\u00e1 garante vaga na Copa Libertadores ao Corinthians","link":"https:\/\/www.futebolinterior.com.br\/vitoria-sobre-o-flamengo-ja-garante-vaga-na-copa-libertadores-ao-corinthians\/","chapeu":"VAGA E MIRA NO HEXA","data":"25\/10\/2015","imagem":"https:\/\/images.futebolinterior.com.br\/2021\/04\/0002050123685_img-300x200.jpg","resumo":"A vit\u00f3ria do Corinthians sobre o Flamengo por 1 a 0, no Itaquer\u00e3o, garantiu o time na Libertadores de 2016"},"607200":{"titulo":"Torcida do Coritiba tenta invadir vesti\u00e1rio e meia se esconde em espa\u00e7o do rival","link":"https:\/\/www.futebolinterior.com.br\/torcida-do-coritiba-tenta-invadir-vestiario-e-meia-se-esconde-em-espaco-do-rival\/","chapeu":"QUE FASE...","data":"25\/10\/2015","imagem":"https:\/\/images.futebolinterior.com.br\/2021\/04\/0002050123679_img-300x179.jpg","resumo":"Thiago Galhardo, do Coxa, teria se escondido no vesti\u00e1rio do S\u00e3o Paulo"}}