{"607112":{"titulo":"Reservas do Atl\u00e9tico-MG vencem jogo-treino antes de folga","link":"https:\/\/www.futebolinterior.com.br\/reservas-do-atletico-mg-vencem-jogo-treino-antes-de-folga\/","chapeu":"PREPARA\u00c7\u00c2O!","data":"26\/10\/2015","imagem":"https:\/\/images.futebolinterior.com.br\/2021\/04\/0002050123798_img.jpg","resumo":"O Atl\u00e9tico Mineiro iniciou a prepara\u00e7\u00e3o para o duelo com o Corinthians, domingo, em Belo Horizonte, com trabalhos diferentes para titulares e reservas"},"607106":{"titulo":"Corinthians busca contrata\u00e7\u00e3o do atacante Andr\u00e9, que pertence ao Atl\u00e9tico-MG","link":"https:\/\/www.futebolinterior.com.br\/corinthians-busca-contratacao-do-atacante-andre-que-pertence-ao-atletico-mg\/","chapeu":"PENSANDO NO PR\u00d3XIMO ANO!","data":"26\/10\/2015","imagem":"https:\/\/images.futebolinterior.com.br\/2021\/04\/0002050123781_img-300x200.jpg","resumo":"O atacante do Sport Andr\u00e9, que tem 11 gols no brasileir\u00e3o nesta temporada, recebeu contato da equipe do Parque S\u00e3o Jorge"},"607108":{"titulo":"Cotado no S\u00e3o Paulo, zagueiro Edcarlos deve renovar com o Atl\u00e9tico-MG","link":"https:\/\/www.futebolinterior.com.br\/cotado-no-sao-paulo-zagueiro-edcarlos-deve-renovar-com-o-atletico-mg\/","chapeu":"J\u00c1 ERA?","data":"26\/10\/2015","imagem":"https:\/\/images.futebolinterior.com.br\/2021\/04\/0002050123780_img-300x200.jpg","resumo":"A ren\u00fancia do presidente Carlos Miguel Aidar pode ter melado o neg\u00f3cio com o zagueiro Edcarlos, atualmente no Atl\u00e9tico-MG"},"607129":{"titulo":"Uefa confirma Infantino como poss\u00edvel substituto de Platini em elei\u00e7\u00e3o da Fifa","link":"https:\/\/www.futebolinterior.com.br\/uefa-confirma-infantino-como-possivel-substituto-de-platini-em-eleicao-da-fifa\/","chapeu":"\u00c9 ELE","data":"26\/10\/2015","imagem":"https:\/\/images.futebolinterior.com.br\/2021\/04\/0002050123765_img-300x200.jpg","resumo":"A Uefa decidiu postular o seu secret\u00e1rio-geral, Gianni Infantino, como poss\u00edvel candidato \u00e0 elei\u00e7\u00e3o presidencial da Fifa para o caso de o franc\u00eas Michel Platini"},"607131":{"titulo":"Ap\u00f3s derrota, Ponte Preta ganha folga para enfrentar \u2018algoz\u2019 da S\u00e9rie B","link":"https:\/\/www.futebolinterior.com.br\/apos-derrota-ponte-preta-ganha-folga-para-enfrentar-algoz-da-serie-b\/","chapeu":"PR\u00d3XIMO PASSO","data":"26\/10\/2015","imagem":"https:\/\/images.futebolinterior.com.br\/2021\/04\/0002050123762_img-300x200.jpg","resumo":"A derrota por 2 a 1 para o Atl\u00e9tico-MG no \u00faltimo domingo conteve os \u00e2nimos da Ponte Preta no Campeonato Brasileiro, mas n\u00e3o estragou o planejamento"},"607140":{"titulo":"Z\u00e9 Love discute com torcida do Goi\u00e1s e Felipe Menezes parte pra agress\u00e3o","link":"https:\/\/www.futebolinterior.com.br\/ze-love-discute-com-torcida-do-goias-e-felipe-menezes-parte-pra-agressao\/","chapeu":"CONFIRA NO FI","data":"26\/10\/2015","imagem":0,"resumo":"Ap\u00f3s a derrota por 1 a 0 para o Cruzeiro dentro do est\u00e1dio Serra Dourada, em Goi\u00e2nia (GO), um grupo de torcedores do Goi\u00e1s perdeu a paci\u00eancia com a quinta derrota consecutiva"},"607152":{"titulo":"Levir elogia Atl\u00e9tico-MG, minimiza oscila\u00e7\u00e3o e j\u00e1 pensa no 'jogo do ano'","link":"https:\/\/www.futebolinterior.com.br\/levir-elogia-atletico-mg-minimiza-oscilacao-e-ja-pensa-no-jogo-do-ano\/","chapeu":"DE OLHO","data":"26\/10\/2015","imagem":"https:\/\/images.futebolinterior.com.br\/2021\/04\/0002050123754_img-300x169.jpg","resumo":"Levir tamb\u00e9m elogiou a Ponte Preta, que vinha embalada por seis vit\u00f3rias e um empate nas sete partidas anteriores no Campeonato Brasileiro"},"607154":{"titulo":"Mano v\u00ea Cruzeiro motivado para sonhar com classifica\u00e7\u00e3o para a Libertadores","link":"https:\/\/www.futebolinterior.com.br\/mano-ve-cruzeiro-motivado-para-sonhar-com-classificacao-para-a-libertadores\/","chapeu":"GOSTOU DE VER","data":"26\/10\/2015","imagem":"https:\/\/images.futebolinterior.com.br\/2021\/04\/0002050123753_img-300x208.jpg","resumo":"O treinador reconheceu que o Cruzeiro n\u00e3o teve grande atua\u00e7\u00e3o diante do Goi\u00e1s, mas lembrou a import\u00e2ncia do resultado para a sequ\u00eancia do Brasileir\u00e3o"},"607156":{"titulo":"Jorginho lamenta empate e chances perdidas, mas mant\u00e9m confian\u00e7a no Vasco","link":"https:\/\/www.futebolinterior.com.br\/jorginho-lamenta-empate-e-chances-perdidas-mas-mantem-confianca-no-vasco\/","chapeu":"QUEM SABE","data":"26\/10\/2015","imagem":"https:\/\/images.futebolinterior.com.br\/2021\/04\/0002050123752_img-300x229.jpg","resumo":"O comandante ainda lembrou que a 32\u00aa rodada n\u00e3o foi ruim para o Vasco, que contou com derrotas de Coritiba, Goi\u00e1s e Joinville "},"607158":{"titulo":"Oswaldo elogia postura do Flamengo e diz ainda acreditar em vaga no G4","link":"https:\/\/www.futebolinterior.com.br\/oswaldo-elogia-postura-do-flamengo-e-diz-ainda-acreditar-em-vaga-no-g4\/","chapeu":"#EUACREDITO?","data":"26\/10\/2015","imagem":"https:\/\/images.futebolinterior.com.br\/2021\/04\/0002050123751_img-300x180.jpg","resumo":"A sexta derrota nos \u00faltimos sete jogos deixou o Flamengo ainda mais longe do objetivo de garantir uma vaga na pr\u00f3xima edi\u00e7\u00e3o da Copa Libertadores"}}