{"606742":{"titulo":"Gr\u00eamio entra no p\u00e1reo por atacante Rafael Marques do Palmeiras","link":"https:\/\/www.futebolinterior.com.br\/gremio-entra-no-pareo-por-atacante-rafael-marques-do-palmeiras\/","chapeu":"CONCORR\u00caNCIA","data":"27\/10\/2015","imagem":"https:\/\/images.futebolinterior.com.br\/2021\/04\/0002050124095_img-300x183.jpg","resumo":"O jogador est\u00e1 emprestado ao Verd\u00e3o at\u00e9 o final da temporada. A compra definitiva custaria aproximadamente seis milh\u00f5es"},"606746":{"titulo":"Rafael Donato v\u00ea partida contra a Ponte Preta como crucial para recupera\u00e7\u00e3o do Joinville","link":"https:\/\/www.futebolinterior.com.br\/rafael-donato-ve-partida-contra-a-ponte-preta-como-crucial-para-recuperacao-do-joinville\/","chapeu":"COM A CORDA NO PESCO\u00c7O!","data":"27\/10\/2015","imagem":"https:\/\/images.futebolinterior.com.br\/2021\/04\/0002050124094_img-300x286.jpg","resumo":"O zagueiro Rafael Donato quer aten\u00e7\u00e3o total da equipe catarinense no interior de S\u00e3o Paulo"},"606760":{"titulo":"Corintiano Felipe admite ansiedade com reta final do Brasileiro","link":"https:\/\/www.futebolinterior.com.br\/corintiano-felipe-admite-ansiedade-com-reta-final-do-brasileiro\/","chapeu":"MOMENTO DECISIVO!","data":"27\/10\/2015","imagem":"https:\/\/images.futebolinterior.com.br\/2021\/04\/0002050124091_img-300x169.jpg","resumo":"Com o t\u00edtulo cada vez mais perto, os jogadores do Corinthians n\u00e3o querem que o rendimento seja prejudicado pelo nervosismo ou excesso de confian\u00e7a"},"606783":{"titulo":"Ap\u00f3s vaias, Eg\u00eddio garante: 'Serei aplaudido pela torcida do Palmeiras'","link":"https:\/\/www.futebolinterior.com.br\/apos-vaias-egidio-garante-serei-aplaudido-pela-torcida-do-palmeiras\/","chapeu":"DESABAFO!","data":"27\/10\/2015","imagem":"https:\/\/images.futebolinterior.com.br\/2021\/04\/0002050124087_img-300x169.jpg","resumo":"Eg\u00eddio desabafou nesta ter\u00e7a-feira e prometeu que dar\u00e1 a volta por cima j\u00e1 nesta quarta-feira, quando a equipe encara o Fluminense"},"606754":{"titulo":"Rafael Bastos foca no confronto contra Coritiba para afastar Figueirense do Z4","link":"https:\/\/www.futebolinterior.com.br\/rafael-bastos-foca-no-confronto-contra-coritiba-para-afastar-figueirense-do-z4\/","chapeu":"AMEA\u00c7ADO...","data":"27\/10\/2015","imagem":"https:\/\/images.futebolinterior.com.br\/2021\/04\/0002050124084_img-300x198.jpg","resumo":"Pr\u00f3ximo da zona de rebaixamento do Campeonato Brasileiro, o Figueirense ter\u00e1 a chance de sair desta situa\u00e7\u00e3o no pr\u00f3ximo s\u00e1bado, quando encara o Coritiba"},"606776":{"titulo":"Indicado por Doriva, Clayson pode trocar a Ponte por clube portugu\u00eas","link":"https:\/\/www.futebolinterior.com.br\/indicado-por-doriva-clayson-pode-trocar-a-ponte-por-clube-portugues\/","chapeu":"PROPOSTA","data":"27\/10\/2015","imagem":"https:\/\/images.futebolinterior.com.br\/2021\/04\/0002050124071_img-300x248.jpg","resumo":"Clayson despistou sobre seu futuro e preferiu enaltecer a campanha e o foco de todos os jogadores da Ponte Preta na reta final do Campeonato Brasileiro"},"606808":{"titulo":"Bahia frustra Ponte Preta e diz que conta com Marcelo Lomba para 2016","link":"https:\/\/www.futebolinterior.com.br\/bahia-frustra-ponte-preta-e-diz-que-conta-com-marcelo-lomba-para-2016\/","chapeu":"TRISTE NOT\u00cdCIA","data":"27\/10\/2015","imagem":"https:\/\/images.futebolinterior.com.br\/2021\/04\/0002050124049_img-300x200.jpg","resumo":"Lomba tem contrato com o Bahia at\u00e9 dezembro de 2017. E exercer\u00e1 o poder de contar com o jogador j\u00e1 para o Campeonato Baiano"},"606840":{"titulo":"Wallace exibe insatisfa\u00e7\u00e3o com p\u00e9ssima fase do Flamengo","link":"https:\/\/www.futebolinterior.com.br\/wallace-exibe-insatisfacao-com-pessima-fase-do-flamengo\/","chapeu":"QUE FASE!","data":"27\/10\/2015","imagem":"https:\/\/images.futebolinterior.com.br\/2021\/04\/0002050124045_img.jpg","resumo":"O zagueiro Wallace exibiu inc\u00f4modo nesta ter\u00e7a-feira com o excesso de derrotas do Flamengo no Campeonato Brasileiro"},"606829":{"titulo":"S\u00e3o Paulo pode trocar \u2018fuj\u00e3o\u2019 Doriva por Paulo Roberto Falc\u00e3o","link":"https:\/\/www.futebolinterior.com.br\/sao-paulo-pode-trocar-fujao-doriva-por-paulo-roberto-falcao\/","chapeu":"NA MIRA","data":"27\/10\/2015","imagem":"https:\/\/images.futebolinterior.com.br\/2021\/04\/0002050124037_img-300x193.jpg","resumo":"Quem pode entrar na concorr\u00eancia por Falc\u00e3o com o S\u00e3o Paulo \u00e9 o Palmeiras"},"606844":{"titulo":"Presidente do Corinthians n\u00e3o descarta trocar Alexandre Pato com S\u00e3o Paulo","link":"https:\/\/www.futebolinterior.com.br\/presidente-do-corinthians-nao-descarta-trocar-alexandre-pato-com-sao-paulo\/","chapeu":"DE NOVO?","data":"27\/10\/2015","imagem":"https:\/\/images.futebolinterior.com.br\/2021\/04\/0002050124027_img-300x185.png","resumo":"O presidente Roberto de Andrade, do Corinthians, n\u00e3o descartou uma nova troca com o S\u00e3o Paulo pelo atacante Alexandre Pato"}}