{"606641":{"titulo":"Leco promete for\u00e7a no futebol e elogia Doriva ap\u00f3s elei\u00e7\u00e3o no S\u00e3o Paulo","link":"https:\/\/www.futebolinterior.com.br\/leco-promete-forca-no-futebol-e-elogia-doriva-apos-eleicao-no-sao-paulo\/","chapeu":"NOVO CHEFE","data":"28\/10\/2015","imagem":"https:\/\/images.futebolinterior.com.br\/2021\/04\/0002050124197_img-300x188.jpg","resumo":"O novo presidente do S\u00e3o Paulo, Carlos Augusto de Barros e Silva, o Leco, disse em sua primeira entrevista no cargo que o sucesso do time \u00e9 a prioridade durante o mandato"},"606637":{"titulo":"Elias diz que presidente do Corinthians sentia vergonha por sal\u00e1rios atrasados","link":"https:\/\/www.futebolinterior.com.br\/elias-diz-que-presidente-do-corinthians-sentia-vergonha-por-salarios-atrasados\/","chapeu":"TRISTE","data":"28\/10\/2015","imagem":"https:\/\/images.futebolinterior.com.br\/2021\/04\/0002050124198_img-300x169.jpg","resumo":"O volante Elias revelou que o Corinthians chegou a ficar com dez meses de direitos de imagem atrasados"},"606668":{"titulo":"Ata\u00edde entrega grava\u00e7\u00e3o sobre Aidar ao Conselho Deliberativo do S\u00e3o Paulo","link":"https:\/\/www.futebolinterior.com.br\/ataide-entrega-gravacao-sobre-aidar-ao-conselho-deliberativo-do-sao-paulo\/","chapeu":"S\u00d3 SUJEIRA","data":"27\/10\/2015","imagem":"https:\/\/images.futebolinterior.com.br\/2021\/04\/0002050124152_img-300x169.jpg","resumo":"No \u00e1udio est\u00e3o guardadas supostas informa\u00e7\u00f5es do ex-dirigente sobre desvio de dinheiro de transfer\u00eancias e irregularidades durante seu um ano e meio de gest\u00e3o. "},"606689":{"titulo":"Com ampla maioria, Leco vence elei\u00e7\u00f5es e ser\u00e1 presidente do S\u00e3o Paulo at\u00e9 2017","link":"https:\/\/www.futebolinterior.com.br\/com-ampla-maioria-leco-vence-eleicoes-e-sera-presidente-do-sao-paulo-ate-2017\/","chapeu":"MUDAN\u00c7A?","data":"27\/10\/2015","imagem":"https:\/\/images.futebolinterior.com.br\/2021\/04\/0002050124154_img-300x193.jpg","resumo":"O dirigente j\u00e1 vinha atuando interinamente desde a sa\u00edda de Carlos Miguel Aidar"},"606709":{"titulo":"Sem dores, Alisson e Lisandro L\u00f3pez voltam a treinar no Internacional","link":"https:\/\/www.futebolinterior.com.br\/sem-dores-alisson-e-lisandro-lopez-voltam-a-treinar-no-internacional\/","chapeu":"DE VOLTA!","data":"27\/10\/2015","imagem":"https:\/\/images.futebolinterior.com.br\/2021\/04\/0002050124116_img-300x204.jpg","resumo":"Poupados na segunda, os jogadores devem enfrentar o Goi\u00e1s, neste domingo, no Serra Dourada."},"606711":{"titulo":"Vasca\u00edno Luan confia no retrospecto no Engenh\u00e3o para brilhar contra o Flu","link":"https:\/\/www.futebolinterior.com.br\/vascaino-luan-confia-no-retrospecto-no-engenhao-para-brilhar-contra-o-flu\/","chapeu":"HEROI DE NOVO?","data":"27\/10\/2015","imagem":"https:\/\/images.futebolinterior.com.br\/2021\/04\/0002050124115_img.jpg","resumo":"No \u00faltimo encontro com o rival, ainda em fevereiro, Luan saiu como her\u00f3i da vit\u00f3ria ao marcar, de p\u00eanalti, o \u00fanico gol da partida. "},"606713":{"titulo":"Clube chin\u00eas pode tirar Rafael Moura do Internacional na pr\u00f3xima temporada","link":"https:\/\/www.futebolinterior.com.br\/clube-chines-pode-tirar-rafael-moura-do-internacional-na-proxima-temporada\/","chapeu":"NOVO ALVO!","data":"27\/10\/2015","imagem":"https:\/\/images.futebolinterior.com.br\/2021\/04\/0002050124109_img-300x169.jpg","resumo":"O Shanghai Shenxin estuda fazer uma oferta ao artilheiro, \u00eddolo do Goi\u00e1s"},"606719":{"titulo":"Palmeiras divulga relacionados com Robinho e sem Cleiton Xavier","link":"https:\/\/www.futebolinterior.com.br\/palmeiras-divulga-relacionados-com-robinho-e-sem-cleiton-xavier\/","chapeu":"OLHA ELE A\u00cd!","data":"27\/10\/2015","imagem":"https:\/\/images.futebolinterior.com.br\/2021\/04\/0002050124111_img-300x174.jpg","resumo":"O time de Marcelo Oliveira enfrenta o Fluminense nesta quarta-feira pela partida de volta da semifinal da Copa do Brasil"},"606738":{"titulo":"S\u00e3o Paulo cassa liminar e confirma elei\u00e7\u00f5es nesta ter\u00e7a","link":"https:\/\/www.futebolinterior.com.br\/sao-paulo-cassa-liminar-e-confirma-eleicoes-nesta-terca\/","chapeu":"VAI OU N\u00c3O VAI?","data":"27\/10\/2015","imagem":"https:\/\/images.futebolinterior.com.br\/2021\/04\/0002050124102_img-300x208.jpg","resumo":"O presidente interino, Carlos Augusto de Barros e Silva, o Leco, vai enfrentar Newton Ferreira"},"606734":{"titulo":"Exame aponta les\u00e3o e Maicon desfalcar\u00e1 o Gr\u00eamio por um m\u00eas","link":"https:\/\/www.futebolinterior.com.br\/exame-aponta-lesao-e-maicon-desfalcara-o-gremio-por-um-mes\/","chapeu":"DE MOLHO","data":"27\/10\/2015","imagem":"https:\/\/images.futebolinterior.com.br\/2021\/04\/0002050124103_img-300x204.jpg","resumo":"Ele foi submetido a exames nesta ter\u00e7a-feira, que apontaram uma tor\u00e7\u00e3o de grau dois no tornozelo esquerdo, e ficar\u00e1 fora de a\u00e7\u00e3o por cerca de 30 dias"}}