{"606517":{"titulo":"C\u00e9sar Martins se nega a comentar pol\u00eamica e pede 'tranquilidade' no Flamengo","link":"https:\/\/www.futebolinterior.com.br\/cesar-martins-se-nega-a-comentar-polemica-e-pede-tranquilidade-no-flamengo\/","chapeu":"SE ESQUIVOU!","data":"28\/10\/2015","imagem":"https:\/\/images.futebolinterior.com.br\/2021\/04\/0002050124281_img-295x300.jpg","resumo":" A quarta-feira amanheceu conturbada no Flamengo, com a informa\u00e7\u00e3o de uma suposta festa realizada por cinco atletas do elenco na \u00faltima ter\u00e7a \u00e0 noite"},"606509":{"titulo":"CPI do Futebol: Rom\u00e1rio pediu aos presidentes de Federa\u00e7\u00f5es para que pensem no futebol brasileiro e n\u00e3o na CBF","link":"https:\/\/www.futebolinterior.com.br\/cpi-do-futebol-romario-pediu-aos-presidentes-de-federacoes-para-que-pensem-no-futebol-brasileiro-e-nao-na-cbf\/","chapeu":"PREOCUPADO","data":"28\/10\/2015","imagem":"https:\/\/images.futebolinterior.com.br\/2021\/04\/0002050124280_img-300x168.jpg","resumo":"O Senador Rom\u00e1rio pediu aos dirigentes para que enviem sugest\u00f5es para melhoria do futebol brasileiro"},"606533":{"titulo":"Zagueiro Alex sofre fratura na t\u00edbia e s\u00f3 volta ao Cruzeiro em 2016","link":"https:\/\/www.futebolinterior.com.br\/zagueiro-alex-sofre-fratura-na-tibia-e-so-volta-ao-cruzeiro-em-2016\/","chapeu":"MAIS UM...","data":"28\/10\/2015","imagem":"https:\/\/images.futebolinterior.com.br\/2021\/04\/0002050124279_img-300x194.jpg","resumo":" O Cruzeiro sofreu nesta quarta-feira mais uma baixa em sua j\u00e1 desfalcada defesa"},"606535":{"titulo":"Jogadores do Fla ignoram m\u00e1 fase e fazem festa regada a bebida e \u2018tchuchucas\u2019 no Rio","link":"https:\/\/www.futebolinterior.com.br\/jogadores-do-fla-ignoram-ma-fase-e-fazem-festa-regada-a-bebida-e-tchuchucas-no-rio\/","chapeu":"BOLEIRAGEM","data":"28\/10\/2015","imagem":"https:\/\/images.futebolinterior.com.br\/2021\/04\/0002050124260_img-200x300.jpg","resumo":"O lateral Par\u00e1, os meias Alan Patrick e Everton e os atacantes Paulinho e Marcelo Cirino foram os organizados da festinha"},"606599":{"titulo":"Lisandro L\u00f3pez treina com bola e aumenta chance de refor\u00e7ar o Inter","link":"https:\/\/www.futebolinterior.com.br\/lisandro-lopez-treina-com-bola-e-aumenta-chance-de-reforcar-o-inter\/","chapeu":"NADA CERTO!","data":"28\/10\/2015","imagem":"https:\/\/images.futebolinterior.com.br\/2021\/04\/0002050124247_img-300x203.jpg","resumo":"O t\u00e9cnico Argel Fucks n\u00e3o deu qualquer indica\u00e7\u00e3o sobre a escala\u00e7\u00e3o do Internacional para o duelo com o Goi\u00e1s, domingo, no Serra Dourada, pela 33\u00aa rodada do Campeonato Brasileiro"},"606555":{"titulo":"R\u00e1dio Mantiqueira transmite jogo decisivo do Brasileir\u00e3o no domingo","link":"https:\/\/www.futebolinterior.com.br\/radio-mantiqueira-transmite-jogo-decisivo-do-brasileirao-no-domingo\/","chapeu":"SEMPRE LIGADO!","data":"28\/10\/2015","imagem":"https:\/\/images.futebolinterior.com.br\/2021\/04\/0002050124248_img-300x235.jpg","resumo":"R\u00e1dio Mantiqueira transmite jogo decisivo do Brasileir\u00e3o no domingo"},"606584":{"titulo":"Aidar esconde contrata\u00e7\u00e3o e Lugano j\u00e1 estaria certo com o S\u00e3o Paulo","link":"https:\/\/www.futebolinterior.com.br\/aidar-esconde-contratacao-e-lugano-ja-estaria-certo-com-o-sao-paulo\/","chapeu":"DE VOLTA","data":"28\/10\/2015","imagem":"https:\/\/images.futebolinterior.com.br\/2021\/04\/0002050124233_img-300x181.jpg","resumo":" A gest\u00e3o do ex-Presidente Carlos Miguel Aidar parece que ainda assombra os corredores do S\u00e3o Paulo"},"606605":{"titulo":"S\u00e3o Paulo deve iniciar na pr\u00f3xima semana a investiga\u00e7\u00e3o de grava\u00e7\u00e3o de Ata\u00edde","link":"https:\/\/www.futebolinterior.com.br\/sao-paulo-deve-iniciar-na-proxima-semana-a-investigacao-de-gravacao-de-ataide\/","chapeu":"T\u00c1 GRAVADO!","data":"28\/10\/2015","imagem":"https:\/\/images.futebolinterior.com.br\/2021\/04\/0002050124218_img-300x186.jpg","resumo":"O \u00e1udio est\u00e1 em posse de Marcelo Pupo e deve ser entregue a comiss\u00e3o na tarde desta quarta-feira."},"606601":{"titulo":"Ponte Preta desmente ida de Leandrinho para o Hamburgo, da Alemanha","link":"https:\/\/www.futebolinterior.com.br\/ponte-preta-desmente-ida-de-leandrinho-para-o-hamburgo-da-alemanha\/","chapeu":"FURADA","data":"28\/10\/2015","imagem":"https:\/\/images.futebolinterior.com.br\/2021\/04\/0002050124211_img-300x240.jpg","resumo":"Em nota, a Macaca explica que tem contrato com o meia-atacante at\u00e9 31 de janeiro de 2017"},"606621":{"titulo":"Bom Senso critica aus\u00eancia de clubes na reuni\u00e3o da CBF por Liga Sul-Minas","link":"https:\/\/www.futebolinterior.com.br\/bom-senso-critica-ausencia-de-clubes-na-reuniao-da-cbf-por-liga-sul-minas\/","chapeu":"INACEIT\u00c1VEL","data":"28\/10\/2015","imagem":"https:\/\/images.futebolinterior.com.br\/2021\/04\/0002050124209_img-300x225.png","resumo":"O Bom Senso FC, movimento de jogadores que reivindica melhorias no futebol brasileiro, soltou nota para criticar a assembleia geral da Confedera\u00e7\u00e3o Brasileira de Futebol "}}