{"606422":{"titulo":"Brasileir\u00e3o tem seis clubes brigando para fugir das quatro vagas do descenso","link":"https:\/\/www.futebolinterior.com.br\/brasileirao-tem-seis-clubes-brigando-para-fugir-das-quatro-vagas-do-descenso\/","chapeu":"QUEM CAI?","data":"28\/10\/2015","imagem":"https:\/\/images.futebolinterior.com.br\/2021\/04\/0002050124337_img-300x169.jpg","resumo":"O rebaixamento deve ficar entre Vasco, Joinville, Goi\u00e1s, Coritiba, Ava\u00ed e Figueirense"},"606424":{"titulo":"Corinthians consegue alvar\u00e1 e Itaquer\u00e3o ganha mais 1,6 mil novos lugares","link":"https:\/\/www.futebolinterior.com.br\/corinthians-consegue-alvara-e-itaquerao-ganha-mais-16-mil-novos-lugares\/","chapeu":"BANDO DE LOUCOS!","data":"28\/10\/2015","imagem":"https:\/\/images.futebolinterior.com.br\/2021\/04\/0002050124335_img-300x225.jpg","resumo":"Com a mudan\u00e7a, a capacidade m\u00e1xima da Arena chega a 49 mil torcedores"},"606433":{"titulo":"Com Oswaldo balan\u00e7ando, diretoria do Flamengo sonha com t\u00e9cnicos estrangeiros","link":"https:\/\/www.futebolinterior.com.br\/com-oswaldo-balancando-diretoria-do-flamengo-sonha-com-tecnicos-estrangeiros\/","chapeu":"MUDAN\u00c7A \u00c0 VISTA?","data":"28\/10\/2015","imagem":"https:\/\/images.futebolinterior.com.br\/2021\/04\/0002050124322_img-300x178.jpg","resumo":"Diego Aguirre, Alejandro Sabella e Marcelo Bielsa s\u00e3o tratados como exemplos do perfil procurado"},"606443":{"titulo":"Palmeiras \u00e9 ainda o time que mais pressiona Santos por uma vaga no G4","link":"https:\/\/www.futebolinterior.com.br\/palmeiras-e-ainda-o-time-que-mais-pressiona-santos-por-uma-vaga-no-g4\/","chapeu":"CHANCES BRASILEIR\u00c3O!","data":"28\/10\/2015","imagem":"https:\/\/images.futebolinterior.com.br\/2021\/04\/0002050124321_img-300x200.jpg","resumo":"Corinthians j\u00e1 est\u00e1 l\u00e1, Atl\u00e9tico-MG quase, e Gr\u00eamio encaminhado"},"606459":{"titulo":"Flamengo multa e afasta 'por tempo indeterminado' jogadores presentes em festa","link":"https:\/\/www.futebolinterior.com.br\/flamengo-multa-e-afasta-por-tempo-indeterminado-jogadores-presentes-em-festa\/","chapeu":"PUNIDOS!","data":"28\/10\/2015","imagem":"https:\/\/images.futebolinterior.com.br\/2021\/04\/0002050124316_img-300x200.jpg","resumo":"A diretoria do Flamengo decidiu punir com rigor os cinco jogadores envolvidos em uma pol\u00eamica festa na \u00faltima ter\u00e7a-feira"},"606465":{"titulo":"Atleticanos esgotam ingressos para 'decis\u00e3o' contra o Corinthians","link":"https:\/\/www.futebolinterior.com.br\/atleticanos-esgotam-ingressos-para-decisao-contra-o-corinthians\/","chapeu":"ACREDITANDO...","data":"28\/10\/2015","imagem":"https:\/\/images.futebolinterior.com.br\/2021\/04\/0002050124310_img-300x83.jpg","resumo":"Os torcedores do Atl\u00e9tico-MG mostraram que est\u00e3o mesmo dispostos a empurrar a equipe no confronto decisivo diante do Corinthians e esgotaram em menos de 24 horas os ingressos "},"606463":{"titulo":"Jean pode trocar Fluminense por Cruzeiro em 2016","link":"https:\/\/www.futebolinterior.com.br\/jean-pode-trocar-fluminense-por-cruzeiro-em-2016\/","chapeu":"MUDAR UM POUCO!","data":"28\/10\/2015","imagem":"https:\/\/images.futebolinterior.com.br\/2021\/04\/0002050124307_img-300x157.jpg","resumo":"O jogador tem contrato com o Tricolor at\u00e9 2017, mas deve chegar a um acordo com a diretoria do clube para ser liberado"},"606473":{"titulo":"Ponte Preta treina com novidades, mas perde zagueiro por les\u00e3o","link":"https:\/\/www.futebolinterior.com.br\/ponte-preta-treina-com-novidades-mas-perde-zagueiro-por-lesao\/","chapeu":"\u00daLTIMAS DA MACACA...","data":"28\/10\/2015","imagem":"https:\/\/images.futebolinterior.com.br\/2021\/04\/0002050124303_img-300x225.jpg","resumo":"O meia Cristian, que participou de apenas metade da atividade e depois foi poupado n\u00e3o preocupa"},"606488":{"titulo":"Garotos do elenco, Arana e Malcom admitem ansiedade por primeiro t\u00edtulo","link":"https:\/\/www.futebolinterior.com.br\/garotos-do-elenco-arana-e-malcom-admitem-ansiedade-por-primeiro-titulo\/","chapeu":"PRIMEIRO T\u00cdTULO!","data":"28\/10\/2015","imagem":"https:\/\/images.futebolinterior.com.br\/2021\/04\/0002050124299_img-300x169.jpg","resumo":"Guilherme Arana e Malcom podem faturar a primeira conquista como profissional"},"606507":{"titulo":"C\u00e1ssio deixa treino do Corinthians mais cedo, mas m\u00e9dico tranquiliza torcida","link":"https:\/\/www.futebolinterior.com.br\/cassio-deixa-treino-do-corinthians-mais-cedo-mas-medico-tranquiliza-torcida\/","chapeu":"SENTIU...","data":"28\/10\/2015","imagem":"https:\/\/images.futebolinterior.com.br\/2021\/04\/0002050124294_img.jpg","resumo":"O goleiro C\u00e1ssio, pelo segundo dia seguido, deixou o treino do Corinthians mais cedo nesta quarta-feira"}}