{"606307":{"titulo":"Matheus Sales destaca vontade do Palmeiras: 'Nem sentia mais a perna'","link":"https:\/\/www.futebolinterior.com.br\/matheus-sales-destaca-vontade-do-palmeiras-nem-sentia-mais-a-perna\/","chapeu":"RA\u00c7A","data":"29\/10\/2015","imagem":"https:\/\/images.futebolinterior.com.br\/2021\/04\/0002050124447_img-300x187.jpg","resumo":"Matheus come\u00e7ou o ano na base do Palmeiras e acabou sendo promovido ap\u00f3s as les\u00f5es de Gabriel e Arouca"},"606318":{"titulo":"Doriva lamenta pouco tempo para treinar escala\u00e7\u00e3o ousada no S\u00e3o Paulo","link":"https:\/\/www.futebolinterior.com.br\/doriva-lamenta-pouco-tempo-para-treinar-escalacao-ousada-no-sao-paulo\/","chapeu":"CHOR\u00c3O","data":"29\/10\/2015","imagem":"https:\/\/images.futebolinterior.com.br\/2021\/04\/0002050124443_img-300x186.jpg","resumo":"O S\u00e3o Paulo se reapresenta na tarde desta quinta-feira no CT da Barra Funda e inicia a prepara\u00e7\u00e3o para o enfrentar o Sport, no s\u00e1bado"},"606321":{"titulo":"Santos ultrapassa Corinthians e vira paulista mais decisivo do mil\u00eanio","link":"https:\/\/www.futebolinterior.com.br\/santos-ultrapassa-corinthians-e-vira-paulista-mais-decisivo-do-milenio\/","chapeu":"GIGANTE PRAIANO","data":"29\/10\/2015","imagem":"https:\/\/images.futebolinterior.com.br\/2021\/04\/0002050124433_img-300x169.jpg","resumo":"A vit\u00f3ria do Santos por 3 a 1 em cima do S\u00e3o Paulo, dentro da Vila Belmiro, representou muito mais que \u2018s\u00f3\u2019 manter-se vivo na Copa do Brasil"},"606331":{"titulo":"Depois de Jean, Cruzeiro pode acertar vinda de mais um jogador do Flu","link":"https:\/\/www.futebolinterior.com.br\/depois-de-jean-cruzeiro-pode-acertar-vinda-de-mais-um-jogador-do-flu\/","chapeu":"MAIS UM?","data":"29\/10\/2015","imagem":"https:\/\/images.futebolinterior.com.br\/2021\/04\/0002050124430_img-300x206.jpg","resumo":"Cruzeiro volta a investir no volante C\u00edcero, para conseguir um contratado definitivo com um ressarcimento, j\u00e1 que C\u00edcero n\u00e3o possui um bom ambiente no elenco"},"606333":{"titulo":"Eliminados na Copa do Brasil, S\u00e3o Paulo pode 'roubar' meia do Fluminense","link":"https:\/\/www.futebolinterior.com.br\/eliminados-na-copa-do-brasil-sao-paulo-pode-roubar-meia-do-fluminense\/","chapeu":"INTERESSE","data":"29\/10\/2015","imagem":"https:\/\/images.futebolinterior.com.br\/2021\/04\/0002050124427_img-300x155.jpg","resumo":"O meia Vin\u00edcius pode estar pr\u00f3ximo de trocar o Fluminense pelo S\u00e3o Paulo na pr\u00f3xima temporada"},"606337":{"titulo":"Dado como certo no Corinthians, Fernando Bob, da Ponte, pode parar Kashima Antlers","link":"https:\/\/www.futebolinterior.com.br\/dado-como-certo-no-corinthians-fernando-bob-da-ponte-pode-parar-kashima-antlers\/","chapeu":"ALVO","data":"29\/10\/2015","imagem":"https:\/\/images.futebolinterior.com.br\/2021\/04\/0002050124424_img-300x225.jpg","resumo":"Bob quer permanecer no Brasil. De prefer\u00eancia para seguir atuando em alto n\u00edvel num grande clube brasileiro"},"606373":{"titulo":"S\u00e3o Paulo demite dirigente de Aidar que contratou t\u00e9cnico Doriva","link":"https:\/\/www.futebolinterior.com.br\/sao-paulo-demite-dirigente-de-aidar-que-contratou-tecnico-doriva\/","chapeu":"COME\u00c7OU...","data":"29\/10\/2015","imagem":"https:\/\/images.futebolinterior.com.br\/2021\/04\/0002050124406_img-300x200.jpg","resumo":"O prov\u00e1vel substituto dele \u00e9 Gustavo de Oliveira, antecessor do pr\u00f3prio Chimello"},"606379":{"titulo":"Se gritar pega ladr\u00e3o, n\u00e3o fica um meu, irm\u00e3o !","link":"https:\/\/www.futebolinterior.com.br\/se-gritar-pega-ladrao-nao-fica-um-meu-irmao\/","chapeu":"OPINI\u00c3O","data":"29\/10\/2015","imagem":"https:\/\/images.futebolinterior.com.br\/2021\/04\/0002050124399_img-300x300.jpg","resumo":"Pois \u00e9, equipe dos ladr\u00f5es de Copa tamb\u00e9m tem 11 recebedores de propinas em copas do mundo, liderados por Joseh Blatter, o Don Corleone do futebol Mundial."},"606385":{"titulo":"Z\u00e9 Roberto v\u00ea final da Copa do Brasil como \"revanche do Paulist\u00e3o\" ao Palmeiras","link":"https:\/\/www.futebolinterior.com.br\/ze-roberto-ve-final-da-copa-do-brasil-como-revanche-do-paulistao-ao-palmeiras\/","chapeu":"QUE VENHA O PEIXE!","data":"29\/10\/2015","imagem":"https:\/\/images.futebolinterior.com.br\/2021\/04\/0002050124394_img-300x169.jpg","resumo":"O Palmeiras devolveu o resultado de 2 a 1 contra o Fluminense e garantiu vaga na decis\u00e3o contra o Santos"},"606431":{"titulo":"'\u00c9 um dos maiores desafios da minha carreira', diz Andrezinho sobre o Vasco","link":"https:\/\/www.futebolinterior.com.br\/e-um-dos-maiores-desafios-da-minha-carreira-diz-andrezinho-sobre-o-vasco\/","chapeu":"VONTADE DE MELHORAR...","data":"28\/10\/2015","imagem":"https:\/\/images.futebolinterior.com.br\/2021\/04\/0002050124340_img-300x200.jpg","resumo":"O momento complicado \u00e9 tido como \"um dos maiores desafios da carreira\" por Andrezinho"}}