{"606028":{"titulo":"Ap\u00f3s nova cirurgia, Alisson inicia treinos f\u00edsicos no Cruzeiro","link":"https:\/\/www.futebolinterior.com.br\/apos-nova-cirurgia-alisson-inicia-treinos-fisicos-no-cruzeiro\/","chapeu":"VOLTOU","data":"30\/10\/2015","imagem":"https:\/\/images.futebolinterior.com.br\/2021\/04\/0002050124647_img-300x225.jpg","resumo":"Nesta manh\u00e3, Alisson inclusive treinou sob supervis\u00e3o do preparador f\u00edsico Eduardo Freitas, indicando que est\u00e1 recuperado da les\u00e3o no menisco medial do joelho direito"},"606034":{"titulo":"Inter trabalha defesa e finaliza\u00e7\u00f5es antes de viajar para Goi\u00e2nia","link":"https:\/\/www.futebolinterior.com.br\/inter-trabalha-defesa-e-finalizacoes-antes-de-viajar-para-goiania\/","chapeu":"PONTARIA AFIADA","data":"30\/10\/2015","imagem":"https:\/\/images.futebolinterior.com.br\/2021\/04\/0002050124641_img-300x169.jpg","resumo":"Na atividade, Argel n\u00e3o indicou qual ser\u00e1 a escala\u00e7\u00e3o do Inter para o jogo deste domingo"},"606056":{"titulo":"Roger tem volta de Luan no Gr\u00eamio e escala Marcelo Oliveira como volante","link":"https:\/\/www.futebolinterior.com.br\/roger-tem-volta-de-luan-no-gremio-e-escala-marcelo-oliveira-como-volante\/","chapeu":"DEFINIDO","data":"30\/10\/2015","imagem":"https:\/\/images.futebolinterior.com.br\/2021\/04\/0002050124644_img-300x200.jpg","resumo":"O t\u00e9cnico praticamente definiu o time que vai a campo contra o Flamengo, neste domingo."},"606066":{"titulo":"Com volta de J\u00falio Baptista, Mano relaciona 23 para jogo do Cruzeiro","link":"https:\/\/www.futebolinterior.com.br\/com-volta-de-julio-baptista-mano-relaciona-23-para-jogo-do-cruzeiro\/","chapeu":"NOVIDADE","data":"30\/10\/2015","imagem":"https:\/\/images.futebolinterior.com.br\/2021\/04\/0002050124640_img-300x180.jpg","resumo":"Outra novidade entre os relacionados \u00e9 o zagueiro Manoel, que cumpriu suspens\u00e3o pelo terceiro cart\u00e3o amarelo na partida diante do Goi\u00e1s"},"606064":{"titulo":"Doriva admite S\u00e3o Paulo abatido ap\u00f3s elimina\u00e7\u00e3o, mas pede time 'ambicioso' por G4","link":"https:\/\/www.futebolinterior.com.br\/doriva-admite-sao-paulo-abatido-apos-eliminacao-mas-pede-time-ambicioso-por-g4\/","chapeu":"T\u00c1 OSSO...","data":"30\/10\/2015","imagem":"https:\/\/images.futebolinterior.com.br\/2021\/04\/0002050124635_img-300x204.jpg","resumo":"Ap\u00f3s ser eliminado pelo Santos na Copa do Brasil, o tricolor vai enfrentar o Sport, neste s\u00e1bado."},"606043":{"titulo":"Destaque do Figueirense, Dudu deve ser o 1\u00ba refor\u00e7o da Ponte no Paulist\u00e3o","link":"https:\/\/www.futebolinterior.com.br\/destaque-do-figueirense-dudu-deve-ser-o-1o-reforco-da-ponte-no-paulistao\/","chapeu":"QUASE CERTO!","data":"30\/10\/2015","imagem":"https:\/\/images.futebolinterior.com.br\/2021\/04\/0002050124627_img-300x169.jpg","resumo":"A chegada do jogador pode confirmar o retorno de Biro Biro ao Fluminense na pr\u00f3xima temporada"},"606041":{"titulo":"Palmeiras pode dar chap\u00e9u no Corinthians e contratar Fenando Bob, volante da Ponte","link":"https:\/\/www.futebolinterior.com.br\/palmeiras-pode-dar-chapeu-no-corinthians-e-contratar-fenando-bob-volante-da-ponte\/","chapeu":"TEM CHAP\u00c9U?","data":"30\/10\/2015","imagem":"https:\/\/images.futebolinterior.com.br\/2021\/04\/0002050124628_img-300x153.jpg","resumo":"O clube j\u00e1 teria apalavrado um contrato de quatro anos com o destaque da Macaca na temporada."},"606050":{"titulo":"Justi\u00e7a decreta situ\u00e7\u00e3o de mis\u00e9ria a Ata\u00edde, vice-presidente do S\u00e3o Paulo","link":"https:\/\/www.futebolinterior.com.br\/justica-decreta-situcao-de-miseria-a-ataide-vice-presidente-do-sao-paulo\/","chapeu":"SEM NADA NO BOLSO","data":"30\/10\/2015","imagem":"https:\/\/images.futebolinterior.com.br\/2021\/04\/0002050124622_img-300x169.jpg","resumo":"As investiga\u00e7\u00f5es da ren\u00fancia do ex-presidente Carlos Miguel Aidar j\u00e1 nos trouxeram a primeira conclus\u00e3o: Ata\u00edde Gil Guerreiro est\u00e1 em situa\u00e7\u00e3o de mis\u00e9ria"},"606062":{"titulo":"Oswaldo repete time e deve escalar o Flamengo com quatro volantes","link":"https:\/\/www.futebolinterior.com.br\/oswaldo-repete-time-e-deve-escalar-o-flamengo-com-quatro-volantes\/","chapeu":"MESMA COISA","data":"30\/10\/2015","imagem":"https:\/\/images.futebolinterior.com.br\/2021\/04\/0002050124618_img-300x174.jpg","resumo":"Assim, o meio-de-campo do Flamengo dever\u00e1 ser formado por quatro volantes de origem: M\u00e1rcio Ara\u00fajo, Canteros, Luiz Antonio e Jaj\u00e1"},"606060":{"titulo":"Flamengo mostra ego\u00edsmo e trava renegocia\u00e7\u00e3o de cotas com a Rede Globo","link":"https:\/\/www.futebolinterior.com.br\/flamengo-mostra-egoismo-e-trava-renegociacao-de-cotas-com-a-rede-globo\/","chapeu":"QUER SEMPRE MAIS","data":"30\/10\/2015","imagem":"https:\/\/images.futebolinterior.com.br\/2021\/04\/0002050124616_img-300x146.jpg","resumo":"A t\u00e3o esperada renegocia\u00e7\u00e3o de cotas com a Rede Globo finalmente entrou em pauta nos clubes brasileiros"}}