{"605892":{"titulo":"Coritiba x Figueirense - Brigando na parte de baixo, Coxa e Figueira jogam 'decis\u00e3o'","link":"https:\/\/www.futebolinterior.com.br\/coritiba-x-figueirense-brigando-na-parte-de-baixo-coxa-e-figueira-jogam-decisao\/","chapeu":"ZONA DO DESESPERO!","data":"30\/10\/2015","imagem":"https:\/\/images.futebolinterior.com.br\/2021\/04\/0002050124736_img-300x200.jpg","resumo":"Na briga na parte de baixo da competi\u00e7\u00e3o, pois o Coritiba ir\u00e1 enfrentar o Figueirense neste s\u00e1bado, \u00e0s 21h, no Couto Pereira"},"605896":{"titulo":"Ponte Preta x Joinville - Dessa vez n\u00e3o tem Adrianinho e a ambi\u00e7\u00e3o \u00e9 a Liberta!","link":"https:\/\/www.futebolinterior.com.br\/ponte-preta-x-joinville-dessa-vez-nao-tem-adrianinho-e-a-ambicao-e-a-liberta\/","chapeu":"NADA COMO O TEMPO...","data":"30\/10\/2015","imagem":"https:\/\/images.futebolinterior.com.br\/2021\/04\/0002050124734_img-300x153.jpg","resumo":"Os times foram protagonistas da S\u00e9rie B do ano passado, quando o JEC ficou com o t\u00edtulo e a Ponte com o vice-campeonato"},"605908":{"titulo":"Ava\u00ed x Cruzeiro - Le\u00e3o tenta interromper boa fase da raposa para fugir do G4","link":"https:\/\/www.futebolinterior.com.br\/avai-x-cruzeiro-leao-tenta-interromper-boa-fase-da-raposa-para-fugir-do-g4\/","chapeu":"DUELO DE AZUL\u00d5ES!","data":"30\/10\/2015","imagem":"https:\/\/images.futebolinterior.com.br\/2021\/04\/0002050124731_img-300x199.jpg","resumo":"O Ava\u00ed vai ter a oportunidade de contar com a sua torcida para se afastar da zona de rebaixamento neste s\u00e1bado, quando enfrenta o Cruzeiro \u00e0s 19h30, na Ressacada"},"605910":{"titulo":"Chapecoense x Atl\u00e9tico-PR - Ap\u00f3s frustra\u00e7\u00e3o na Sul-Americana, times tentam subir no Brasileiro","link":"https:\/\/www.futebolinterior.com.br\/chapecoense-x-atletico-pr-apos-frustracao-na-sul-americana-times-tentam-subir-no-brasileiro\/","chapeu":"OUTRA HIST\u00d3RIA","data":"30\/10\/2015","imagem":"https:\/\/images.futebolinterior.com.br\/2021\/04\/0002050124730_img-300x200.jpg","resumo":"Os dois times foram eliminados da competi\u00e7\u00e3o intercontinental no meio da semana; a Chape fez uma grande partida contra o River Plate."},"605927":{"titulo":"Marcelo Oliveira quer esquecer decis\u00e3o e promete for\u00e7a m\u00e1xima no Palmeiras","link":"https:\/\/www.futebolinterior.com.br\/marcelo-oliveira-quer-esquecer-decisao-e-promete-forca-maxima-no-palmeiras\/","chapeu":"CONCENTRA\u00c7\u00c3O!","data":"30\/10\/2015","imagem":"https:\/\/images.futebolinterior.com.br\/2021\/04\/0002050124725_img-300x169.jpg","resumo":"Se depender do t\u00e9cnico Marcelo Oliveira, a decis\u00e3o da Copa do Brasil s\u00f3 voltar\u00e1 a ser assunto no Palmeiras pr\u00f3ximo do dia 25 de novembro, data da primeira partida do jogo com o San"},"605934":{"titulo":"Dorival nega atrito com Gabriel por causa de skate no treino santista","link":"https:\/\/www.futebolinterior.com.br\/dorival-nega-atrito-com-gabriel-por-causa-de-skate-no-treino-santista\/","chapeu":"J\u00c1 FOI...","data":"30\/10\/2015","imagem":"https:\/\/images.futebolinterior.com.br\/2021\/04\/0002050124723_img-300x170.jpg","resumo":"O Santos ocupa a \u00faltima vaga do G4 com 50 pontos, a mesma pontua\u00e7\u00e3o de Internacional e S\u00e3o Paulo"},"605943":{"titulo":"Oswaldo revela que pediu puni\u00e7\u00e3o a quinteto do Flamengo: 'Erraram comigo'","link":"https:\/\/www.futebolinterior.com.br\/oswaldo-revela-que-pediu-punicao-a-quinteto-do-flamengo-erraram-comigo\/","chapeu":"EU MANDO","data":"30\/10\/2015","imagem":"https:\/\/images.futebolinterior.com.br\/2021\/04\/0002050124721_img-300x199.png","resumo":"O Flamengo decidiu multar e afastar por tempo indeterminado Alan Patrick, Everton, Marcelo Cirino, Par\u00e1 e Paulinho, flagrados em uma festa com \u00e1lcool"},"605936":{"titulo":"S\u00e3o Paulo x Sport - Abalado ap\u00f3s elimina\u00e7\u00e3o, S\u00e3o Paulo volta a campo contra rival direto na briga pelo G4","link":"https:\/\/www.futebolinterior.com.br\/sao-paulo-x-sport-abalado-apos-eliminacao-sao-paulo-volta-a-campo-contra-rival-direto-na-briga-pelo-g4\/","chapeu":"BRIGA DIRETA!","data":"30\/10\/2015","imagem":"https:\/\/images.futebolinterior.com.br\/2021\/04\/0002050124707_img-300x193.jpg","resumo":"Colados na tabela, S\u00e3o Paulo e Sport se enfrentam nesse s\u00e1bado no Morumbi, \u00e0s 17h, pela 33\u00aa rodada do Brasileir\u00e3o"},"605959":{"titulo":"S\u00e3o Paulo estipula retorno de Rog\u00e9rio Ceni para jogo com o Atl\u00e9tico-MG","link":"https:\/\/www.futebolinterior.com.br\/sao-paulo-estipula-retorno-de-rogerio-ceni-para-jogo-com-o-atletico-mg\/","chapeu":"VOLTA PREVISTA!","data":"30\/10\/2015","imagem":"https:\/\/images.futebolinterior.com.br\/2021\/04\/0002050124705_img-300x193.jpg","resumo":"O goleiro do S\u00e3o Paulo, Rog\u00e9rio Ceni, deve voltar a atuar no jogo contra o Atl\u00e9tico-MG"},"605977":{"titulo":"Ponte Preta quer voltar a vencer de olho at\u00e9 na Copa Libertadores. Joinville que se cuide!","link":"https:\/\/www.futebolinterior.com.br\/ponte-preta-quer-voltar-a-vencer-de-olho-ate-na-copa-libertadores-joinville-que-se-cuide\/","chapeu":"VENCER OU VENCER","data":"30\/10\/2015","imagem":"https:\/\/images.futebolinterior.com.br\/2021\/04\/0002050124681_img.jpg","resumo":"A partir do momento que garantiu sua perman\u00eancia no Campeonato Brasileiro de 2016, a Ponte Preta assumiu o compromisso de somar \u201co m\u00e1ximo de pontos poss\u00edveis\u201d nas \u00faltimas rodadas"}}