{"605824":{"titulo":"Coritiba trata como obriga\u00e7\u00e3o vit\u00f3ria diante do Figueirense","link":"https:\/\/www.futebolinterior.com.br\/coritiba-trata-como-obrigacao-vitoria-diante-do-figueirense\/","chapeu":"TEM QUE VENCER!","data":"31\/10\/2015","imagem":"https:\/\/images.futebolinterior.com.br\/2021\/04\/0002050124805_img-300x205.jpg","resumo":"O meia Ruy e o atacante Henrique Almeida est\u00e3o suspensos e o t\u00e9cnico Ney Franco n\u00e3o confirmou quem ser\u00e3o os substitutos"},"605826":{"titulo":"Capit\u00e3o do Ava\u00ed, Marquinhos descarta les\u00e3o e se coloca na partida contra Cruzeiro","link":"https:\/\/www.futebolinterior.com.br\/capitao-do-avai-marquinhos-descarta-lesao-e-se-coloca-na-partida-contra-cruzeiro\/","chapeu":"VAI PRO JOGO!","data":"31\/10\/2015","imagem":"https:\/\/images.futebolinterior.com.br\/2021\/04\/0002050124804_img-300x199.jpg","resumo":"Gilson Kleina n\u00e3o confirmou, mas o meia deve iniciar o jogo entre os titulares"},"605828":{"titulo":"Doriva n\u00e3o teme demiss\u00e3o e deixa decis\u00e3o para diretoria do S\u00e3o Paulo","link":"https:\/\/www.futebolinterior.com.br\/doriva-nao-teme-demissao-e-deixa-decisao-para-diretoria-do-sao-paulo\/","chapeu":"VAI OU FICA?","data":"31\/10\/2015","imagem":"https:\/\/images.futebolinterior.com.br\/2021\/04\/0002050124803_img-300x169.jpg","resumo":"Sem t\u00edtulo no ano, o Tricolor mira agora uma vaga na Copa Libertadores da Am\u00e9rica"},"605864":{"titulo":"Jorginho prev\u00ea Fluminense 'mordido' contra o Vasco no cl\u00e1ssico do Engenh\u00e3o","link":"https:\/\/www.futebolinterior.com.br\/jorginho-preve-fluminense-mordido-contra-o-vasco-no-classico-do-engenhao\/","chapeu":"QUE VENHA MORDIDO !","data":"30\/10\/2015","imagem":"https:\/\/images.futebolinterior.com.br\/2021\/04\/0002050124794_img-300x225.jpg","resumo":"Eliminado da Copa do Brasil na quarta-feira, nos p\u00eanaltis, diante do Palmeiras, o Fluminense quer fechar o ano em paz com a sua torcida"},"605866":{"titulo":"'\u00daltima chance de mudar o campeonato', diz Levir sobre 'decis\u00e3o' do Atl\u00e9tico-MG contra o Corinthians","link":"https:\/\/www.futebolinterior.com.br\/ultima-chance-de-mudar-o-campeonato-diz-levir-sobre-decisao-do-atletico-mg-contra-o-corinthians\/","chapeu":"\u00daLTIMA CHANCE","data":"30\/10\/2015","imagem":"https:\/\/images.futebolinterior.com.br\/2021\/04\/0002050124785_img.jpg","resumo":"Qualquer trope\u00e7o do Galo, principalmente uma derrota, praticamente dar\u00e1 o trof\u00e9u da competi\u00e7\u00e3o ao Corinthians"},"605874":{"titulo":"Mesmo machucado, Fred est\u00e1 nos planos de Eduardo Baptista para o cl\u00e1ssico do Fluminense","link":"https:\/\/www.futebolinterior.com.br\/mesmo-machucado-fred-esta-nos-planos-de-eduardo-baptista-para-o-classico-do-fluminense\/","chapeu":"FAZ A DIFEREN\u00c7A...","data":"30\/10\/2015","imagem":"https:\/\/images.futebolinterior.com.br\/2021\/04\/0002050124770_img-300x175.jpg","resumo":" Fred segue nos planos do t\u00e9cnico Eduardo Baptista para encarar o Vasco, domingo, no Engenh\u00e3o."},"605870":{"titulo":"Gr\u00eamio x Flamengo - Sem 'festeiros', Rubro Negro d\u00e1 \u00faltima cartada na briga pelo G4","link":"https:\/\/www.futebolinterior.com.br\/gremio-x-flamengo-sem-festeiros-rubro-negro-da-ultima-cartada-na-briga-pelo-g4\/","chapeu":"AINDA D\u00c1?","data":"30\/10\/2015","imagem":"https:\/\/images.futebolinterior.com.br\/2021\/04\/0002050124767_img-300x200.jpg","resumo":"Com 44 pontos, o time de Oswaldo de Olvieira precisa de uma arrancada na reta final do Brasileir\u00e3o para se classificar para a Libertadores"},"605905":{"titulo":"Presidente do Atl\u00e9tico-PR, Petraglia \u00e9 suspenso por cr\u00edticas \u00e0 arbitragem","link":"https:\/\/www.futebolinterior.com.br\/presidente-do-atletico-pr-petraglia-e-suspenso-por-criticas-a-arbitragem\/","chapeu":"O TEMPO FECHOU!","data":"30\/10\/2015","imagem":"https:\/\/images.futebolinterior.com.br\/2021\/04\/0002050124755_img-300x200.jpg","resumo":"o tribunal decidiu por suspender por 30 dias o mandat\u00e1rio do Atl\u00e9tico-PR, M\u00e1rio Celso Petraglia, de suas atividades no clube"},"605894":{"titulo":"Tite minimiza aus\u00eancia de Elias e elogia substituto Rodriguinho","link":"https:\/\/www.futebolinterior.com.br\/tite-minimiza-ausencia-de-elias-e-elogia-substituto-rodriguinho\/","chapeu":"REPOSI\u00c7\u00c3O \u00c0 ALTURA?","data":"30\/10\/2015","imagem":"https:\/\/images.futebolinterior.com.br\/2021\/04\/0002050124752_img.jpg","resumo":"Suspenso, o volante titular do Corinthians e da sele\u00e7\u00e3o brasileira ser\u00e1 substitu\u00eddo por Rodriguinho na partida diante do vice-l\u00edder. "},"605889":{"titulo":"BRASILEIR\u00c3O: S\u00e3o Paulo e Sport se enfrentam pelo G4; Ponte Preta encara afundado Joinville","link":"https:\/\/www.futebolinterior.com.br\/brasileirao-sao-paulo-e-sport-se-enfrentam-pelo-g4-ponte-preta-encara-afundado-joinville\/","chapeu":"PELA SONHADA LIBERTADORES","data":"30\/10\/2015","imagem":"https:\/\/images.futebolinterior.com.br\/2021\/04\/0002050124751_img-300x186.png","resumo":"Apenas um ponto separa o Tricolor do Le\u00e3o na luta por uma vaga no G4. Um pouco atr\u00e1s, a Macaca encara o vice-lanterna para seguir sonhando com a Libertadores"}}