{"2464494":{"titulo":"Bap alfineta Palmeiras: 'Quem quer ganhar dinheiro com show tem de mudar de ramo'","link":"https:\/\/www.futebolinterior.com.br\/bap-alfineta-palmeiras-quem-quer-ganhar-dinheiro-com-show-tem-de-mudar-de-ramo\/","chapeu":"ALFINETOU","data":"23\/04\/2026","imagem":"https:\/\/images.futebolinterior.com.br\/2026\/01\/Bap-300x200.avif","resumo":"Bap, presidente do Flamengo, volta a alfinetar Palmeiras: 'Quem quer ganhar dinheiro com show tem de mudar de ramo'"},"2464497":{"titulo":"Presidente do Sindicato dos treinadores critica postura de estrangeiros","link":"https:\/\/www.futebolinterior.com.br\/presidente-do-sindicato-dos-treinadores-critica-compartamento-de-estrangeiros\/","chapeu":"DESAGRADOU","data":"23\/04\/2026","imagem":"https:\/\/images.futebolinterior.com.br\/2026\/04\/Bocatto-300x199.webp","resumo":""},"2464472":{"titulo":"Palmeiras avan\u00e7a para contratar zagueiro do Botafogo","link":"https:\/\/www.futebolinterior.com.br\/palmeiras-avanca-por-barboza-zagueiro-do-botafogo\/","chapeu":"REFOR\u00c7O","data":"23\/04\/2026","imagem":"https:\/\/images.futebolinterior.com.br\/2026\/04\/VitorSilva-Botafogo-2026-Barboza-300x174.webp","resumo":"O Palmeiras est\u00e1 perto de fechar com o zagueiro Alexander Barboza, do Botafogo, pagando cerca de R$ 20 milh\u00f5es. Cruzeiro tamb\u00e9m estava de olho no defensor argentino."},"2464434":{"titulo":"Bap sobre venda da SAF do Vasco a enteado de Leila Pereira: 'Propriedade cruzada'","link":"https:\/\/www.futebolinterior.com.br\/bap-sobre-venda-da-saf-do-vasco-a-enteado-de-leila-pereira-propriedade-cruzada\/","chapeu":"TEM TRETA","data":"23\/04\/2026","imagem":"https:\/\/images.futebolinterior.com.br\/2026\/03\/Screenshot_835-300x211.webp","resumo":"Bap, presidente do Flamengo, questiona a poss\u00edvel venda da SAF do Vasco a enteado de Leila Pereira e dispara: 'Propriedade cruzada'"},"2464455":{"titulo":"Vasco perde Renato por 3 jogos ap\u00f3s puni\u00e7\u00e3o da Conmebol","link":"https:\/\/www.futebolinterior.com.br\/renato-gaucho-suspenso-vasco-conmebol-copa-sul-americana-2026\/","chapeu":" SUSPENS\u00c3O","data":"23\/04\/2026","imagem":"https:\/\/images.futebolinterior.com.br\/2026\/04\/RenatoGaucho-MatheusLima-2026-Brasileirao-300x177.webp","resumo":"T\u00e9cnico do Vasco \u00e9 suspenso por tr\u00eas partidas pela Conmebol ap\u00f3s faltar em duelo da Sul-Americana."},"2464437":{"titulo":"Santos tem retorno de goleiro antes de duelo no Brasileir\u00e3o","link":"https:\/\/www.futebolinterior.com.br\/santos-brazao-retorna-neymar-poupado-contra-bahia-brasileirao\/","chapeu":"DE VOLTA","data":"23\/04\/2026","imagem":"https:\/\/images.futebolinterior.com.br\/2026\/04\/Brazao-RaulBaretta-Santos-300x166.webp","resumo":"Gabriel Braz\u00e3o retorna ao Santos ap\u00f3s luto. Neymar ser\u00e1 poupado contra o Bahia no Brasileir\u00e3o, visando o confronto com o San Lorenzo pela Libertadores.\n"},"2464423":{"titulo":"Vasco: Brenner embala boa sequ\u00eancia e exalta torcida vasca\u00edna","link":"https:\/\/www.futebolinterior.com.br\/brenner-destaque-vasco-elogia-torcida-relacao-diniz\/","chapeu":"DESTAQUE","data":"23\/04\/2026","imagem":"https:\/\/images.futebolinterior.com.br\/2026\/04\/Bremer-Vasco-2026-300x159.webp","resumo":"Brenner completa tr\u00eas meses no Vasco, destaca calor da torcida e mant\u00e9m boa rela\u00e7\u00e3o com Fernando Diniz, agora t\u00e9cnico do Corinthians.\n"},"2464403":{"titulo":"Lucas Moura avan\u00e7a na recupera\u00e7\u00e3o e treina no S\u00e3o Paulo","link":"https:\/\/www.futebolinterior.com.br\/lucas-moura-recuperacao-sao-paulo-treino-mirassol\/","chapeu":"RECUPERADO","data":"23\/04\/2026","imagem":"https:\/\/images.futebolinterior.com.br\/2026\/04\/EricoLeonan-SaoPaulo-2026-Brasileirao-300x177.webp","resumo":"Lucas Moura avan\u00e7a na recupera\u00e7\u00e3o das costelas e treina no S\u00e3o Paulo. Bobadilla retorna e Enzo Diaz faz aquecimento. Jogo contra Mirassol ser\u00e1 no Brinco de Ouro.\n"},"2464339":{"titulo":"Conselho do Corinthians aprova contas de 2025 com ressalvas","link":"https:\/\/www.futebolinterior.com.br\/corinthians-contas-2025-aprovadas-com-ressalvas\/","chapeu":"BALAN\u00c7O","data":"23\/04\/2026","imagem":"https:\/\/images.futebolinterior.com.br\/2026\/04\/FernandoBueno-Corinthians-2026-300x173.webp","resumo":"Conselho do Corinthians aprova contas de 2025 com ressalvas, destacando redu\u00e7\u00e3o da d\u00edvida e incertezas financeiras. Balan\u00e7o ser\u00e1 votado pelo Conselho Deliberativo."},"2464338":{"titulo":"Gr\u00eamio respira aliviado com retornos importantes","link":"https:\/\/www.futebolinterior.com.br\/gremio-retornos-dm-kannemann-willian-proximo-jogo\/","chapeu":"RETORNOS","data":"23\/04\/2026","imagem":"https:\/\/images.futebolinterior.com.br\/2026\/04\/LucasUebel-2026-Brasileirao-300x159.webp","resumo":"O Gr\u00eamio tem boas not\u00edcias com retornos importantes do departamento m\u00e9dico. Kannemann e Willian treinam, mas s\u00f3 um pode jogar. Saiba os detalhes do elenco tricolor.\n"}}