{"2464804":{"titulo":"Destaque nos \u00faltimos jogos, Carlos Eduardo avalia recupera\u00e7\u00e3o do Mirassol","link":"https:\/\/www.futebolinterior.com.br\/destaque-nos-ultimos-jogos-carlos-eduardo-avalia-recuperacao-do-mirassol\/","chapeu":"IMPORTANTE","data":"24\/04\/2026","imagem":"https:\/\/images.futebolinterior.com.br\/2026\/04\/f23c473e-7d70-4208-b2c8-55027cd8c96e-300x156.webp","resumo":"O Mirassol vive momento de recupera\u00e7\u00e3o na temporada ap\u00f3s bons resultados recentes."},"2464731":{"titulo":"Botafogo-RJ x Internacional - Onde assistir, hor\u00e1rio e escala\u00e7\u00f5es","link":"https:\/\/www.futebolinterior.com.br\/botafogo-rj-x-internacional-onde-assistir-horario-e-escalacoes\/","chapeu":"OPOSTOS","data":"24\/04\/2026","imagem":"https:\/\/images.futebolinterior.com.br\/2026\/04\/Alex-Telles-e-Vitinho-BOTAFOGO-300x146.webp","resumo":"Saiba como chegam Botafogo-RJ e Internacional para a 13\u00aa rodada do Brasileir\u00e3o"},"2464765":{"titulo":"S\u00e3o Paulo no Brinco de Ouro: Valores de ingresso e opera\u00e7\u00e3o de tr\u00e2nsito","link":"https:\/\/www.futebolinterior.com.br\/sao-paulo-no-brinco-de-ouro-valores-de-ingresso-e-operacao-de-transito\/","chapeu":"LOG\u00cdSTICA","data":"24\/04\/2026","imagem":"https:\/\/images.futebolinterior.com.br\/2025\/10\/Brinco-de-Ouro-2025-300x165.webp","resumo":"A comercializa\u00e7\u00e3o de ingressos ser\u00e1 somente online, que poder\u00e3o ser adquiridos pelo torcedor no site spfcticket.net"},"2464754":{"titulo":"Destaque da base do S\u00e3o Paulo, Gustavo Santana n\u00e3o \u00e9 aproveitado","link":"https:\/\/www.futebolinterior.com.br\/destaque-da-base-do-sao-paulo-gustavo-santana-nao-e-aproveitado\/","chapeu":"ARTILHEIRO","data":"24\/04\/2026","imagem":"https:\/\/images.futebolinterior.com.br\/2026\/04\/GUSTAVO-SANTANA-300x139.webp","resumo":"Um dos principais nomes do time vice-campe\u00e3o da Copinha, Gustavo Santana vem apenas treinando \u00e0 parte em Cotia"},"2464724":{"titulo":"Corinthians recupera mando de jogo no STJD e reduz penas","link":"https:\/\/www.futebolinterior.com.br\/corinthians-stjd-reduz-penas\/","chapeu":"REVERTIDO","data":"24\/04\/2026","imagem":"https:\/\/images.futebolinterior.com.br\/2026\/02\/NeoQuimica-2026-Brasileirao-Palmeiras-Corinthians-300x179.webp","resumo":"O tribunal informou que o Alvinegro n\u00e3o perder\u00e1 mais um mando de jogo por racismo contra Carlos Miguel e ainda viu as penas de Matheuzinho e Hugo Souza serem reduzidas pela metade"},"2464700":{"titulo":"BRASILEIR\u00c3O: S\u00e1bado re\u00fane paulistas em campo na 13\u00aa rodada","link":"https:\/\/www.futebolinterior.com.br\/brasileirao-sabado-reune-paulistas-em-campo-na-13a-rodada\/","chapeu":"CONFRONTOS","data":"24\/04\/2026","imagem":"https:\/\/images.futebolinterior.com.br\/2026\/04\/Santos-300x154.webp","resumo":"Saiba tudo sobre os jogos de s\u00e1bado da 13\u00aa rodada do Brasileir\u00e3o"},"2464678":{"titulo":"Recupera\u00e7\u00e3o judicial impede rescis\u00e3o de atletas do Botafogo-RJ","link":"https:\/\/www.futebolinterior.com.br\/recuperacao-judicial-impede-rescisao-de-atletas-do-botafogo-rj\/","chapeu":"ENTENDA","data":"24\/04\/2026","imagem":"https:\/\/images.futebolinterior.com.br\/2025\/06\/John-Textor-300x147.webp","resumo":"Situa\u00e7\u00e3o cr\u00edtica de caixa levou a diretoria a admitir judicialmente que n\u00e3o possui liquidez para honrar integralmente a folha salarial do pr\u00f3ximo m\u00eas"},"2464668":{"titulo":"Hulk adota tom enigm\u00e1tico e sinaliza sa\u00edda do Atl\u00e9tico-MG","link":"https:\/\/www.futebolinterior.com.br\/hulk-adota-tom-enigmatico-e-sinaliza-saida-do-atletico-mg\/","chapeu":"FUTURO","data":"24\/04\/2026","imagem":"https:\/\/images.futebolinterior.com.br\/2026\/01\/Hulk-300x150.webp","resumo":"Na conversa com os jornalistas, ele disse estar descontente e j\u00e1 vislumbra dar sequ\u00eancia em sua carreira em outro lugar"},"2464558":{"titulo":"Como funciona o afastamento de John Textor da SAF do Botafogo","link":"https:\/\/www.futebolinterior.com.br\/como-funciona-o-afastamento-de-john-textor-da-saf-do-botafogo\/","chapeu":"ENTENDA","data":"24\/04\/2026","imagem":"https:\/\/images.futebolinterior.com.br\/2026\/04\/Textor-VitorSilva-2026--300x169.webp","resumo":"Como funciona o afastamento de John Textor da SAF do Botafogo decidido por Arbitragem. A SAF est\u00e1 em recupera\u00e7\u00e3o judicial e deve 3 bilh\u00f5es"},"2464510":{"titulo":"Tribunal Arbitral afasta John Textor da SAF do Botafogo","link":"https:\/\/www.futebolinterior.com.br\/tribunal-arbitral-afasta-john-textor-da-saf-do-botafogo\/","chapeu":"CAIU!","data":"23\/04\/2026","imagem":"https:\/\/images.futebolinterior.com.br\/2025\/09\/Screenshot_81-300x186.webp","resumo":"As partes envolvidas poder\u00e3o se pronunciar no dia 29 de abril, ocasi\u00e3o que o caso ser\u00e1 reavaliado"}}