{"2464321":{"titulo":"Textor acompanha dia do Botafogo e nega propostas por Alexander Barboza","link":"https:\/\/www.futebolinterior.com.br\/textor-acompanha-dia-do-botafogo-e-nega-propostas-por-alexander-barboza\/","chapeu":"DE VOLTA?","data":"23\/04\/2026","imagem":"https:\/\/images.futebolinterior.com.br\/2026\/01\/JohnTextor-VitorSilva-TransferBan-Fifa-Botafogo-2026-300x160.webp","resumo":"O dirigente afirmou que n\u00e3o recebeu nenhuma abordagem de Palmeiras ou Cruzeiro"},"2464337":{"titulo":"Flamengo acerta renova\u00e7\u00e3o com Bruno Henrique at\u00e9 2027","link":"https:\/\/www.futebolinterior.com.br\/bruno-henrique-renova-flamengo-ate-2027-detalhes-definidos\/","chapeu":"RENOVADO","data":"23\/04\/2026","imagem":"https:\/\/images.futebolinterior.com.br\/2026\/04\/BrunoHenrique-AdrianoFontes-Flamengo-300x183.webp","resumo":"Bruno Henrique renova com Flamengo at\u00e9 2027. Detalhes finais superados, atacante se destaca em campo, com dois gols e duas assist\u00eancias em seis jogos.\n"},"2464340":{"titulo":"Santos promove joia da base ao profissional","link":"https:\/\/www.futebolinterior.com.br\/santos-promove-samuel-pierri-ao-time-profissional\/","chapeu":"PROMOVIDO","data":"23\/04\/2026","imagem":"https:\/\/images.futebolinterior.com.br\/2026\/04\/SamuelPierri-ReinaldoCampos-2026-Brasileirao-300x189.webp","resumo":"\nSantos aposta em Samuel Pierri, jovem promessa de 18 anos, para refor\u00e7ar o elenco profissional e superar desafios na temporada."},"2464294":{"titulo":"Marcelo Paz revela caminho aberto para Memphis renovar","link":"https:\/\/www.futebolinterior.com.br\/marcelo-paz-revela-caminho-aberto-para-memphis-renovar\/","chapeu":"VAI FICAR?","data":"23\/04\/2026","imagem":"https:\/\/images.futebolinterior.com.br\/2026\/01\/marcelo-paz-explica-por-que-cori-300x169.webp","resumo":"Internamente, a perman\u00eancia de Depay \u00e9 tratada como prioridade, especialmente pelo peso t\u00e9cnico e pela lideran\u00e7a no elenco"},"2464205":{"titulo":"Corinthians encara Vasco na Neo Qu\u00edmica Arena e pode cumprir puni\u00e7\u00e3o do STJD contra S\u00e3o Paulo","link":"https:\/\/www.futebolinterior.com.br\/corinthians-encara-vasco-na-neo-quimica-arena-e-pode-cumprir-punicao-do-stjd-contra-sao-paulo\/","chapeu":"DEFINIDO!","data":"23\/04\/2026","imagem":"https:\/\/images.futebolinterior.com.br\/2026\/04\/Neo-Quimica-300x200.webp","resumo":"O julgamento do recurso desta sexta-feira determinar\u00e1 se a perda do mando ter\u00e1 de ser cumprida diante do S\u00e3o Paulo"},"2464156":{"titulo":"Europeus demonstram interesse em Danilo, destaque do Botafogo-RJ","link":"https:\/\/www.futebolinterior.com.br\/europeus-demonstram-interesse-em-danilo-destaque-do-botafogo-rj\/","chapeu":"NA MIRA","data":"23\/04\/2026","imagem":"https:\/\/images.futebolinterior.com.br\/2026\/04\/Danilo-2-300x141.webp","resumo":"Bayer Leverkusen e Napoli monitoram a situa\u00e7\u00e3o do volante Danilo de olho na pr\u00f3xima temporada europeia"},"2464135":{"titulo":"Massis j\u00e1 quer se reeleger no S\u00e3o Paulo? N\u00e3o \u00e9 uma boa ideia","link":"https:\/\/www.futebolinterior.com.br\/massis-ja-quer-se-reeleger-no-sao-paulo-nao-e-uma-boa-ideia\/","chapeu":"OPINI\u00c3O","data":"23\/04\/2026","imagem":"https:\/\/images.futebolinterior.com.br\/2026\/01\/Foto-Divulgacao-300x169.webp","resumo":"Ideal \u00e9 que fique at\u00e9 dezembro e, em seguida, se afaste. J\u00e1 ter\u00e1 feito muito pelo S\u00e3o Paulo como presidente tamp\u00e3o."},"2464127":{"titulo":"Roger Machado n\u00e3o \u00e9 um super t\u00e9cnico, mas as vaias s\u00e3o exageradas","link":"https:\/\/www.futebolinterior.com.br\/roger-machado-nao-e-um-super-tecnico-mas-as-vaias-sao-exageradas\/","chapeu":"OPINI\u00c3O","data":"23\/04\/2026","imagem":"https:\/\/images.futebolinterior.com.br\/2026\/04\/Roger-Machado-aponta-erros-contra-o-Vasco-300x200.webp","resumo":"Roger Machado n\u00e3o \u00e9 um super t\u00e9cnico, mas as vaias que ele vem recebendo da torcida do S\u00e3o Paulo s\u00e3o exageradas e atrapalham o time."},"2464048":{"titulo":"Cuca confirma Neymar fora do jogo contra o Bahia: 'Quarta e domingo ningu\u00e9m aguenta'","link":"https:\/\/www.futebolinterior.com.br\/cuca-confirma-neymar-fora-do-jogo-contra-o-bahia-quarta-e-domingo-ninguem-aguenta\/","chapeu":"DESCANSO","data":"22\/04\/2026","imagem":"https:\/\/images.futebolinterior.com.br\/2026\/04\/Screenshot_1034-300x205.webp","resumo":"\"S\u00e1bado ele n\u00e3o vai jogar para estar melhor na ter\u00e7a-feira quando teremos um jogo decisivo pela Sul-Americana\"\""},"2463810":{"titulo":"Volante do Corinthians pode pegar at\u00e9 6 jogos de suspens\u00e3o","link":"https:\/\/www.futebolinterior.com.br\/corinthians-allan-julgamento-gesto-obsceno-stjd\/","chapeu":"JULGAMENTO","data":"22\/04\/2026","imagem":"https:\/\/images.futebolinterior.com.br\/2026\/04\/rODRIGOcOCA-2026-cORINTHIANS-300x158.webp","resumo":"Allan do Corinthians ser\u00e1 julgado pelo STJD por gesto obsceno em jogo contra o Fluminense e pode ser suspenso por at\u00e9 seis partidas.\n"}}