{"1944952":{"titulo":"Paulista A3: Suzano aposta em destaques da base para 2024","link":"https:\/\/www.futebolinterior.com.br\/paulista-a3-suzano-destaques-base\/","chapeu":"PREPARA\u00c7\u00c3O","data":"15\/11\/2023","imagem":"https:\/\/images.futebolinterior.com.br\/2023\/11\/imagem_2023-11-15_172741726-300x164.png","resumo":"Em 2023, o Suzano parou na 2\u00aa fase da A3, eliminado em \u00faltimo lugar do Grupo 3, com Gr\u00eamio Prudente, S\u00e3o Jos\u00e9 e Desportivo Brasil"},"1944878":{"titulo":"Paulista A3: S\u00e3o Caetano anuncia o primeiro refor\u00e7o para 2024","link":"https:\/\/www.futebolinterior.com.br\/a3-sao-caetano-primeiro-reforco\/","chapeu":"REFOR\u00c7O","data":"15\/11\/2023","imagem":"https:\/\/images.futebolinterior.com.br\/2023\/11\/Captura-de-tela-2023-11-15-160234-300x151.png","resumo":"O S\u00e3o Caetano acertou com o primeiro refor\u00e7o para a temporada de 2024. Trata-se do meia atacante Juninho"},"1944539":{"titulo":"Paulista A3: Lemense anuncia mais tr\u00eas refor\u00e7os para 2024","link":"https:\/\/www.futebolinterior.com.br\/lemense-anuncia-mais-3-2024\/","chapeu":"TR\u00caS","data":"14\/11\/2023","imagem":"https:\/\/images.futebolinterior.com.br\/2023\/11\/4d7ec96c09f71b5566a8bb03a8eda3c1-300x185.jpg","resumo":"O Lemense anunciou o volante Elias Cear\u00e1, de 31 anos, como novo refor\u00e7o para a temporada de 2024"},"1944525":{"titulo":"Paulista A3: Rio Preto acerta com ex-t\u00e9cnico do Penapolense","link":"https:\/\/www.futebolinterior.com.br\/a3-rio-preto-acerta-ex-penapolense\/","chapeu":"NOVO","data":"14\/11\/2023","imagem":"https:\/\/images.futebolinterior.com.br\/2023\/11\/20231114_181256-scaled-e1700000562642-300x180.jpg","resumo":"O Rio Preto Esporte Clube j\u00e1 tem seu treinador para a disputa do Campeonato Paulista da S\u00e9rie A3 de 2024"},"1944437":{"titulo":"Paulista A3: Catanduva tem 27 jogadores para o pr\u00f3ximo ano","link":"https:\/\/www.futebolinterior.com.br\/paulista-a3-catanduva-27-jogadores\/","chapeu":"ELENCO","data":"14\/11\/2023","imagem":"https:\/\/images.futebolinterior.com.br\/2023\/11\/Captura-de-tela-2023-11-14-174743-300x174.png","resumo":"O Catanduva tem 27 jogadores confirmados para a pr\u00f3xima temporada, quando disputa o Paulista A3, ap\u00f3s conquistar o acesso"},"1944385":{"titulo":"Paulista A3: Itapirense inicia trabalhos com bola na pr\u00f3xima segunda","link":"https:\/\/www.futebolinterior.com.br\/itapirense-paulista-a3-inicia-trabalhos\/","chapeu":"PREPARA\u00c7\u00c3O","data":"14\/11\/2023","imagem":"https:\/\/images.futebolinterior.com.br\/2023\/11\/imagem_2023-11-14_165837905-300x171.png","resumo":"Grupo de jogadores ter\u00e1 o primeiro contato com o treinador j\u00e1 na segunda-feira, quando ser\u00e3o iniciados os trabalhos no gramado"},"1944337":{"titulo":"Paulista A3: Desportivo Brasil acerta com mais dois refor\u00e7os","link":"https:\/\/www.futebolinterior.com.br\/paulista-a3-desportivo-brasil-atacante\/","chapeu":"REFOR\u00c7OS","data":"14\/11\/2023","imagem":"https:\/\/images.futebolinterior.com.br\/2023\/11\/Captura-de-tela-2023-11-14-161215-300x217.png","resumo":"O Desportivo Brasil anunciou o volante Rafael Silva e o atacante Luketa para a disputa do Paulista A3 de 2024"},"1944288":{"titulo":"Paulista A3: Bandeirante encaminha acerto com Thiago Oliveira","link":"https:\/\/www.futebolinterior.com.br\/bandeirante-acordo-com-thiago-oliveira\/","chapeu":"MERCADO","data":"14\/11\/2023","imagem":"https:\/\/images.futebolinterior.com.br\/2023\/11\/imagem_2023-11-14_150911989-300x185.png","resumo":"Thiago revelou, ainda, que tem um time praticamente todo formado, com acordos verbais e planejamento pronto para colocar em pr\u00e1tica"},"1944264":{"titulo":"Paulista A3: Desportivo Brasil apresenta novo t\u00e9cnico para a temporada de 2024","link":"https:\/\/www.futebolinterior.com.br\/desportivo-brasil-apresenta-novo-tecnico\/","chapeu":"NO COMANDO ","data":"14\/11\/2023","imagem":"https:\/\/images.futebolinterior.com.br\/2023\/11\/Mavi-Lopes-Desportivo-Brasil-300x200.jpg","resumo":"Antes da apresenta\u00e7\u00e3o do seu novo comandante o clube havia anunciado a contrata\u00e7\u00e3o de tr\u00eas atletas"},"1944126":{"titulo":"Paulista A3: Prefeito em exerc\u00edcio de S\u00e3o Jos\u00e9 do Rio Preto \u00e9 homenageado pelo Rio Preto EC","link":"https:\/\/www.futebolinterior.com.br\/rio-preto-homenageia-prefeito-exercicio\/","chapeu":"ALINHADOS ","data":"14\/11\/2023","imagem":"https:\/\/images.futebolinterior.com.br\/2023\/11\/WhatsApp-Image-2023-11-14-at-11.11.09-300x178.jpeg","resumo":"Na aus\u00eancia do vice-prefeito Orlando Jos\u00e9 Bol\u00e7one, que tamb\u00e9m est\u00e1 de f\u00e9rias, Paul\u00e9ra, \u00e9 o prefeito interino"}}