{"2211811":{"titulo":"Zagueiro do XV de Piracicaba mostra confian\u00e7a para estreia no Paulist\u00e3o S\u00e9rie A2","link":"https:\/\/www.futebolinterior.com.br\/zagueiro-do-xv-de-piracicaba-mostra-confianca-para-estreia-no-paulistao-serie-a2\/","chapeu":"FOCADO","data":"14\/01\/2025","imagem":"https:\/\/images.futebolinterior.com.br\/2025\/01\/Zagueiro-do-XV-de-Piracicaba-projeta-estreia-na-Serie-A2-300x196.png","resumo":"Ap\u00f3s um longo per\u00edodo de testes, o XV de Piracicaba est\u00e1 pronto para dar seu pontap\u00e9 inicial rumo ao acesso na S\u00e9rie A2"},"2211814":{"titulo":"Velo Clube x Noroeste - Reedi\u00e7\u00e3o da final da S\u00e9rie A2 na rodada inicial do Paulist\u00e3o","link":"https:\/\/www.futebolinterior.com.br\/velo-clube-x-noroeste-reedicao-da-final-da-serie-a2-na-rodada-inicial-do-paulistao\/","chapeu":"QUEM LEVA?","data":"14\/01\/2025","imagem":"https:\/\/images.futebolinterior.com.br\/2025\/01\/VELO-300x200.jpeg","resumo":"O time de Rio Claro acabou com um tabu de 45 anos sem jogar o Paulist\u00e3o. J\u00e1 a equipe de Bauru n\u00e3o atuava no \u2018grande palco\u2019 h\u00e1 14 anos."},"2211799":{"titulo":"Lateral garante S\u00e3o Bento pronto para estreia no Paulist\u00e3o S\u00e9rie A2","link":"https:\/\/www.futebolinterior.com.br\/lateral-garante-sao-bento-pronto-para-estreia-no-paulistao-serie-a2\/","chapeu":"TUDO PRONTO","data":"14\/01\/2025","imagem":"https:\/\/images.futebolinterior.com.br\/2025\/01\/Lateral-garante-Sao-Bento-pronto-para-estreina-na-Serie-A2-300x230.jpg","resumo":"O S\u00e3o Bento inicia a disputa da S\u00e9rie A2 do Campeonato Paulista, nesta quarta-feira (15), em visita ao Primavera"},"2211776":{"titulo":"Atacante do Santo Andr\u00e9 projeta Paulist\u00e3o S\u00e9rie A2: \"Brigar pelo t\u00edtulo\"","link":"https:\/\/www.futebolinterior.com.br\/atacante-do-santo-andre-projeta-paulistao-serie-a2-brigar-pelo-titulo\/","chapeu":"CONFIANTE","data":"14\/01\/2025","imagem":"https:\/\/images.futebolinterior.com.br\/2025\/01\/Atacante-do-Santo-Andre-mira-titulo-da-Serie-A2-300x193.png","resumo":"O Santo Andr\u00e9, far\u00e1 sua estreia na S\u00e9rie A2 do Campeonato Paulista nesta quarta-feira (15), quando a partir das 19h encara o Capivariano"},"2211701":{"titulo":"Paulist\u00e3o S\u00e9rie A2: Descubra quais times jogaram mais vezes a divis\u00e3o!","link":"https:\/\/www.futebolinterior.com.br\/paulistao-serie-a2-mais-participacoes\/","chapeu":"DESCUBRA","data":"14\/01\/2025","imagem":"https:\/\/images.futebolinterior.com.br\/2025\/01\/image-214-300x227.png","resumo":"A S\u00e9rie A2 do Paulist\u00e3o de 2025 est\u00e1 chegando, e a divis\u00e3o carrega muita expectativa e proporciona embates fervorosos"},"2211678":{"titulo":"Paulista A2 tem 21 t\u00edtulos em disputa e 13 times campe\u00f5es","link":"https:\/\/www.futebolinterior.com.br\/paulista-a2-tem-21-titulos-em-disputa-e-13-times-campeoes\/","chapeu":"SE LIGA!","data":"14\/01\/2025","imagem":"https:\/\/images.futebolinterior.com.br\/2025\/01\/santo-andre-300x161.webp","resumo":""},"2211596":{"titulo":"No Dia do Treinador, conhe\u00e7a os 64 escolhidos em S\u00e3o Paulo","link":"https:\/\/www.futebolinterior.com.br\/no-dia-do-treinador-conheca-os-64-escolhidos-em-sao-paulo\/","chapeu":"64 Times","data":"13\/01\/2025","imagem":"https:\/\/images.futebolinterior.com.br\/2025\/01\/Eduardo-Barroca-Mirassol-Agencia-Mirassol-300x192.jpg","resumo":"Todos os 64 clubes que disputar\u00e3o as divis\u00f5es (A1, A2, A3 e A4, com 16 clubes em cada), definiram seus treinadores para a temporada 2025"},"2211519":{"titulo":"Destaque da Copinha integra elenco do Taubat\u00e9 no Paulist\u00e3o S\u00e9rie A2","link":"https:\/\/www.futebolinterior.com.br\/destaque-da-copinha-integra-elenco-do-taubate-no-paulistao-serie-a2\/","chapeu":"PROMOVIDO","data":"13\/01\/2025","imagem":"https:\/\/images.futebolinterior.com.br\/2025\/01\/Destaque-da-Copinha-integra-elenco-do-Taubate-na-Serie-A2-300x176.jpg","resumo":"Estreando na Copinha este ano, Caio marcou dois gols e deu uma assist\u00eancia em tr\u00eas jogos pelo Taubat\u00e9"},"2211459":{"titulo":"Taubat\u00e9 contrata zagueiro ex-Gr\u00eamio para o Paulist\u00e3o S\u00e9rie A2","link":"https:\/\/www.futebolinterior.com.br\/taubate-contrata-zagueiro-ex-gremio-para-o-paulistao-serie-a2\/","chapeu":"MAIS UM!","data":"13\/01\/2025","imagem":"https:\/\/images.futebolinterior.com.br\/2025\/01\/Taubate-contrata-zagueiro-ex-Gremio-para-a-Serie-A2-300x225.jpeg","resumo":"Na pr\u00f3xima quarta-feira (15) o Taubat\u00e9 estreia na S\u00e9rie A2 contra a Portuguesa Santista, no Joaquinz\u00e3o"},"2211449":{"titulo":"Paulist\u00e3o S\u00e9rie A2: Volante do S\u00e3o Jos\u00e9 comenta pr\u00e9-temporada","link":"https:\/\/www.futebolinterior.com.br\/paulistao-serie-a2-volante-do-sao-jose-comenta-pre-temporada\/","chapeu":"\u00c1GUIA","data":"13\/01\/2025","imagem":"https:\/\/images.futebolinterior.com.br\/2025\/01\/WhatsApp-Image-2025-01-13-at-13.39.20-1-300x200.jpeg","resumo":"O S\u00e3o Jos\u00e9 d\u00e1 sequ\u00eancia na reta final de sua pr\u00e9-temporada, nos \u00faltimos dias antes do in\u00edcio do Campeonato Paulista da S\u00e9rie A2"}}