{"2211935":{"titulo":"Gr\u00eamio Prudente x S\u00e3o Jos\u00e9 - Carcar\u00e1 estreia recebendo a \u00c1guia","link":"https:\/\/www.futebolinterior.com.br\/gremio-prudente-x-sao-jose-carcara-estreia-recebendo-a-aguia\/","chapeu":"IN\u00cdCIO","data":"14\/01\/2025","imagem":"https:\/\/images.futebolinterior.com.br\/2025\/01\/imagem_2025-01-14_170533180-300x221.png","resumo":"Gr\u00eamio Prudente e S\u00e3o Jos\u00e9 far\u00e3o grande duelo logo na estreia do Paulist\u00e3o da S\u00e9rie A2. A dupla chega como grandes candidatos ao acesso"},"2211849":{"titulo":"Taubat\u00e9 x Portuguesa Santista - Burro e Briosa tentam iniciar Paulist\u00e3o S\u00e9rie A2 por cima","link":"https:\/\/www.futebolinterior.com.br\/taubate-x-portuguesa-santista-burro-e-briosa-tentam-iniciar-paulistao-serie-a2-por-cima\/","chapeu":"ESTREIA","data":"14\/01\/2025","imagem":"https:\/\/images.futebolinterior.com.br\/2025\/01\/Taubate-e-Portuguesa-Santista-se-enfrentam-no-Paulistao-A2-300x217.jpg","resumo":"Taubat\u00e9 e Portuguesa Santista se enfrentam na tarde desta quarta-feira (15), a partir das 15h, no Joaquinz\u00e3o"},"2212069":{"titulo":"PAULIST\u00c3O S\u00c9RIE A2: Estadual come\u00e7a com o sonho de buscar vaga na elite em 2026","link":"https:\/\/www.futebolinterior.com.br\/paulistao-serie-a2-primeira-rodada\/","chapeu":"VAI COME\u00c7AR","data":"14\/01\/2025","imagem":"https:\/\/images.futebolinterior.com.br\/2025\/01\/Paulista-A2-300x191.jpg","resumo":"Apenas o campe\u00e3o e vice-campe\u00e3o do Paulist\u00e3o S\u00e9rie A2 desta temporada v\u00e3o subir para o Paulist\u00e3o em 2026"},"2212002":{"titulo":"Portuguesa Santista confirma mais dois zagueiros para o Paulist\u00e3o S\u00e9rie A2","link":"https:\/\/www.futebolinterior.com.br\/portuguesa-santista-confirma-mais-dois-zagueiros-para-o-paulistao-serie-a2\/","chapeu":"NOVIDADES","data":"14\/01\/2025","imagem":"https:\/\/images.futebolinterior.com.br\/2025\/01\/Portuguesa-Santista-contrata-mais-dois-reforcos-para-a-Serie-A2-300x199.jpg","resumo":"Ambos os jogadores j\u00e1 est\u00e3o regularizados no BID da CBF e podem estrear com a camisa da Portuguesa Santista nesta quarta-feira (15)"},"2212061":{"titulo":"FPF escala arbitragem para 1\u00aa rodada do Paulist\u00e3o S\u00e9rie A2","link":"https:\/\/www.futebolinterior.com.br\/fpf-escala-arbitros-paulistao-a2\/","chapeu":"OLHO NO APITO","data":"14\/01\/2025","imagem":"https:\/\/images.futebolinterior.com.br\/2025\/01\/image-259-300x173.png","resumo":""},"2211987":{"titulo":"Paulist\u00e3o S\u00e9rie A2: S\u00e3o Bento anuncia camisa 10 ap\u00f3s perdas","link":"https:\/\/www.futebolinterior.com.br\/paulistao-serie-a2-sao-bento-anuncia-camisa-10-apos-perdas\/","chapeu":"MAIS UM","data":"14\/01\/2025","imagem":"https:\/\/images.futebolinterior.com.br\/2025\/01\/imagem_2025-01-14_172715763-300x216.png","resumo":"O S\u00e3o Bento segue montando seu elenco ap\u00f3s anunciar quatro sa\u00eddas, e desta vez comunicou a chegada de um novo meia atacante"},"2211958":{"titulo":"Com ex-Santos e Flamengo, Oeste apresenta elenco para o Paulist\u00e3o S\u00e9rie A2","link":"https:\/\/www.futebolinterior.com.br\/com-ex-santos-e-flamengo-oeste-apresenta-elenco-para-o-paulistao-serie-a2\/","chapeu":"ESTRELADO","data":"14\/01\/2025","imagem":"https:\/\/images.futebolinterior.com.br\/2025\/01\/Oeste-anuncia-elenco-com-presenca-de-Geuvanio-para-2025-300x184.jpg","resumo":"O elenco do Oeste conta com a experi\u00eancia de atletas conhecidos no cen\u00e1rio nacional, como o atacante Geuv\u00e2nio, ex-Santos e Flamengo"},"2211850":{"titulo":"Oeste x XV de Piracicaba - Rubr\u00e3o e Nh\u00f4 Quim abrem o Paulist\u00e3o S\u00e9rie A2","link":"https:\/\/www.futebolinterior.com.br\/oeste-x-xv-de-piracicaba-rubrao-e-nho-quim-abrem-o-paulistao-serie-a2\/","chapeu":"VAI COME\u00c7AR!","data":"14\/01\/2025","imagem":"https:\/\/images.futebolinterior.com.br\/2025\/01\/Oeste-e-XV-de-Piracicaba-abrem-Serie-A2-de-2025-300x188.jpeg","resumo":"A partir das 10h, Oeste e XV de Piracicaba se enfrentam na Arena Barueri, pela primeira rodada com transmiss\u00e3o da R\u00e1dio Educadora"},"2211837":{"titulo":"T\u00e9cnico do Taubat\u00e9 revela expectativa para estreia no Paulist\u00e3o S\u00e9rie A2","link":"https:\/\/www.futebolinterior.com.br\/tecnico-do-taubate-revela-expectativa-para-estreia-no-paulistao-serie-a2\/","chapeu":"PREPARADOS","data":"14\/01\/2025","imagem":"https:\/\/images.futebolinterior.com.br\/2025\/01\/Tecnico-do-Taubate-avalia-preparacao-para-a-Serie-A2-300x168.jpg","resumo":"O Taubat\u00e9 inicia sua trajet\u00f3ria na competi\u00e7\u00e3o estadual nesta quarta-feira (15), quando a partir das 15h encara a Portuguesa Santista"},"2211838":{"titulo":"Taubat\u00e9 contrata volante ex-Vila Nova e chega a 20 atletas para o Paulist\u00e3o S\u00e9rie A2","link":"https:\/\/www.futebolinterior.com.br\/taubate-contrata-volante-ex-vila-nova-e-chega-a-20-atletas-para-o-paulistao-serie-a2\/","chapeu":"REFOR\u00c7O","data":"14\/01\/2025","imagem":"https:\/\/images.futebolinterior.com.br\/2025\/01\/Taubate-anuncia-volante-ex-vila-nova-para-a-Serie-A2-300x190.jpg","resumo":"O Taubat\u00e9 estreia na S\u00e9rie A2 2025 nesta quarta-feira (15), contra a Portuguesa Santista, \u00e0s 15h, no Joaquinz\u00e3o"}}