{"2211425":{"titulo":"Ferrovi\u00e1ria acerta compra em definitivo de atacante ex-Cruzeiro e Ava\u00ed","link":"https:\/\/www.futebolinterior.com.br\/ferroviaria-acerta-compra-em-definitivo-de-atacante-ex-cruzeiro-e-avai\/","chapeu":"ELE FICA!","data":"13\/01\/2025","imagem":"https:\/\/images.futebolinterior.com.br\/2025\/01\/Ferroviaria-acerta-compra-em-definitivo-de-Denilson-300x205.jpg","resumo":"Denilson assinou contrato at\u00e9 dezembro de 2027 com a Ferrovi\u00e1ria e j\u00e1 se prepara para o Paulist\u00e3o S\u00e9rie A2"},"2211423":{"titulo":"S\u00e3o Bento confirma mais duas sa\u00eddas em definitivo de joias da base","link":"https:\/\/www.futebolinterior.com.br\/sao-bento-confirma-mais-duas-saidas-em-definitivo-de-joias-da-base\/","chapeu":"ADEUS!","data":"13\/01\/2025","imagem":"https:\/\/images.futebolinterior.com.br\/2025\/01\/Sao-Bento-negocia-duas-promessas-da-base-300x200.jpg","resumo":"Al\u00e9m das negocia\u00e7\u00f5es dos jovens atacantes, o S\u00e3o Bento confirmou outras duas sa\u00eddas em comum acordo"},"2211308":{"titulo":"Paulist\u00e3o S\u00e9rie A2: Votuporanguense abre vendas de ingressos contra Ferrovi\u00e1ria","link":"https:\/\/www.futebolinterior.com.br\/paulistao-serie-a2-votuporanguense-abre-vendas-de-ingressos-contra-ferroviaria\/","chapeu":"1\u00ba JOGO","data":"13\/01\/2025","imagem":"https:\/\/images.futebolinterior.com.br\/2025\/01\/imagem_2025-01-13_154812982-300x199.png","resumo":"O Votuporanguense inicia sua trajet\u00f3ria no Campeonato Paulista da S\u00e9rie A2 na quarta-feira (15)"},"2211313":{"titulo":"Paulist\u00e3o S\u00e9rie A2: Votuporanguense tem plantel renovado para estreia contra a Ferrovi\u00e1ria","link":"https:\/\/www.futebolinterior.com.br\/votuporanguense-se-prepara-paulista-a2\/","chapeu":"PREPARA\u00c7\u00c3O","data":"13\/01\/2025","imagem":"https:\/\/images.futebolinterior.com.br\/2025\/01\/image-196-300x198.png","resumo":""},"2211154":{"titulo":"XV de Piracicaba anuncia lateral que estava na Europa para o Paulist\u00e3o S\u00e9rie A2","link":"https:\/\/www.futebolinterior.com.br\/xv-de-piracicaba-lateral-paulistao-a2\/","chapeu":"REFOR\u00c7O","data":"13\/01\/2025","imagem":"https:\/\/images.futebolinterior.com.br\/2025\/01\/image-186-300x214.png","resumo":"O XV de Piracicaba estreia no Paulist\u00e3o S\u00e9rie A2 no dia 15 de janeiro, quando visita o Oeste, na Arena Barueri, \u00e0s 10h"},"2210636":{"titulo":"Paulist\u00e3o S\u00e9rie A2: Santo Andr\u00e9 faz \u00faltimos ajustes para estreia","link":"https:\/\/www.futebolinterior.com.br\/paulistao-serie-a2-santo-andre-faz-ultimos-ajustes-para-estreia\/","chapeu":"TREINO","data":"11\/01\/2025","imagem":"https:\/\/images.futebolinterior.com.br\/2025\/01\/imagem_2025-01-11_204403558-300x189.png","resumo":"O Santo Andr\u00e9 segue trabalhando na \u00faltima semana de prepara\u00e7\u00e3o visando a estreia no Campeonato Paulista da S\u00e9rie A2"},"2210448":{"titulo":"Paulist\u00e3o S\u00e9rie A2: S\u00e3o Bento contrata novo goleiro para o estadual","link":"https:\/\/www.futebolinterior.com.br\/sao-bento-contrata-novo-goleiro\/","chapeu":"PARED\u00c3O","data":"11\/01\/2025","imagem":"https:\/\/images.futebolinterior.com.br\/2025\/01\/image-151-300x202.png","resumo":"O S\u00e3o Bento anunciou mais uma contrata\u00e7\u00e3o para o Campeonato Paulista da S\u00e9rie A2"},"2210244":{"titulo":"Paulist\u00e3o S\u00e9rie A2: Ferrovi\u00e1ria contrata volante ex-Flamengo e Paysandu","link":"https:\/\/www.futebolinterior.com.br\/paulistao-serie-a2-ferroviaria-contrata-volante-ex-flamengo-e-paysandu\/","chapeu":"REFOR\u00c7O","data":"10\/01\/2025","imagem":"https:\/\/images.futebolinterior.com.br\/2025\/01\/Ferroviaria-contrata-volante-ex-Paysandu-para-2025-300x166.jpeg","resumo":"Alencar j\u00e1 treina com o grupo da Ferrovi\u00e1ria. que se prepara para a estreia do Paulist\u00e3o A2"},"2210229":{"titulo":"Ituano anuncia lateral ex-CSA e S\u00e3o Jos\u00e9-RS para o Paulist\u00e3o S\u00e9rie A2","link":"https:\/\/www.futebolinterior.com.br\/ituano-anuncia-dal-pian-paulistao-a2\/","chapeu":"MAIS UM","data":"10\/01\/2025","imagem":"https:\/\/images.futebolinterior.com.br\/2025\/01\/Ituano-300x292.png","resumo":""},"2210037":{"titulo":"Rivais no Paulist\u00e3o S\u00e9rie A2, S\u00e3o Jos\u00e9 e Taubat\u00e9 tra\u00e7am planejamento para seguran\u00e7a de cl\u00e1ssico","link":"https:\/\/www.futebolinterior.com.br\/paulistao-a2-classico-sao-jose-taubate\/","chapeu":"NECESS\u00c1RIO","data":"10\/01\/2025","imagem":"https:\/\/images.futebolinterior.com.br\/2025\/01\/Paulistao-a2-300x150.jpg","resumo":"A partida est\u00e1 marcada para o dia 19 (domingo), \u00e0s 16h, v\u00e1lido pela segunda rodada do Paulist\u00e3o S\u00e9rie A2"}}