{"2525050":{"titulo":"Zagueiro do Mar\u00edlia \u00e9 flagrado atuando na v\u00e1rzea um dia ap\u00f3s elimina\u00e7\u00e3o","link":"https:\/\/www.futebolinterior.com.br\/zagueiro-do-marilia-e-flagrado-atuando-na-varzea-um-dia-apos-eliminacao\/","chapeu":"PROBLEMA","data":"27\/08\/2026","imagem":"https:\/\/images.futebolinterior.com.br\/2026\/08\/WhatsApp-Image-2026-08-27-at-21.55.35-300x200.webp","resumo":"O zagueiro Guilherme Caf\u00e9, do Mar\u00edlia, atuou em uma partida no futebol de v\u00e1rzea um dia ap\u00f3s a elimina\u00e7\u00e3o do clube na primeira fase da Copa Paulista"},"2525039":{"titulo":"Santo Andr\u00e9 aprova constitui\u00e7\u00e3o de uma SAF","link":"https:\/\/www.futebolinterior.com.br\/santo-andre-aprova-constituicao-de-saf-por-meio-de-votacao\/","chapeu":"SAF","data":"27\/08\/2026","imagem":"https:\/\/images.futebolinterior.com.br\/2026\/08\/Ma4tRwGH-image-300x259.webp","resumo":"O Santo Andr\u00e9 aprovou, nesta quinta-feira (27), a constitui\u00e7\u00e3o da Sociedade An\u00f4nima do Futebol (SAF) do clube"},"2524968":{"titulo":"Uni\u00e3o S\u00e3o Jo\u00e3o x Bandeirante - Mata-mata come\u00e7a com o Play inn","link":"https:\/\/www.futebolinterior.com.br\/uniao-sao-joao-x-bandeirante-mata-mata-comeca-com-o-play-inn\/","chapeu":"JOG\u00c3O","data":"27\/08\/2026","imagem":"https:\/\/images.futebolinterior.com.br\/2026\/08\/UNIAO-SAO-JOAO-300x144.webp","resumo":"O segundo acontece no dia 4 de setembro, sexta-feira, \u00e0s 20h, no Est\u00e1dio Pedro Marin Berbel, em Birigui. Em caso de resultados iguais nos dois jogos, a decis\u00e3o ser\u00e1 nos p\u00eanaltis "},"2524939":{"titulo":"Uni\u00e3o S\u00e3o Jo\u00e3o fecha com refor\u00e7os para a Copa Paulista Rivalo","link":"https:\/\/www.futebolinterior.com.br\/uniao-sao-joao-fecha-com-reforcos-para-a-copa-paulista-rivalo\/","chapeu":"CONTRATA\u00c7\u00d5ES","data":"27\/08\/2026","imagem":"https:\/\/images.futebolinterior.com.br\/2026\/08\/UNIAO-SAO-JOAO-300x144.webp","resumo":"Mateus Castilho e Bruno Menezes aumentam as op\u00e7\u00f5es da comiss\u00e3o t\u00e9cnica do Uni\u00e3o S\u00e3o Jo\u00e3o na Copa Paulista Rivalo"},"2524889":{"titulo":"Comercial oficializa atacante para o play-in da Copa Paulista Rivalo","link":"https:\/\/www.futebolinterior.com.br\/comercial-oficializa-atacante-para-a-copa-paulista\/","chapeu":"REFOR\u00c7O","data":"27\/08\/2026","imagem":"https:\/\/images.futebolinterior.com.br\/2026\/08\/GIOVANNY-MORAIS-300x141.webp","resumo":"Comercial oficializa a contrata\u00e7\u00e3o de Giovanny Morais, atacante de 24 anos que estava no Guarani-MG"},"2524890":{"titulo":"S\u00e3o Jos\u00e9 agenda jogo-treino contra o S\u00e3o Bernardo em Atibaia","link":"https:\/\/www.futebolinterior.com.br\/sao-jose-agenda-jogo-treino-contra-o-sao-bernardo-em-atibaia\/","chapeu":"AMISTOSO","data":"27\/08\/2026","imagem":"https:\/\/images.futebolinterior.com.br\/2026\/07\/tEbt0rtq-image-300x133.webp","resumo":"A \u00c1guia utiliza atividade para avaliar o elenco antes das quartas de final da Copa Paulista. Time do ABC disputa a S\u00e9rie B do Brasileiro e ocupa a 13\u00aa posi\u00e7\u00e3o"},"2524881":{"titulo":"Jo\u00e3ozinho celebra classifica\u00e7\u00e3o do Uni\u00e3o S\u00e3o Jo\u00e3o e projeta duelo contra o Bandeirante","link":"https:\/\/www.futebolinterior.com.br\/joaozinho-celebra-classificacao-do-uniao-sao-joao-e-projeta-duelo-contra-o-bandeirante\/","chapeu":"DESTAQUE","data":"27\/08\/2026","imagem":"https:\/\/images.futebolinterior.com.br\/2026\/08\/IMG_7593-300x169.webp","resumo":""},"2524777":{"titulo":"Primavera lidera os n\u00fameros de p\u00fablico na primeira fase da Copa Paulista Rivalo","link":"https:\/\/www.futebolinterior.com.br\/primavera-publico-na-copa-paulista\/","chapeu":"BONS N\u00daMEROS","data":"27\/08\/2026","imagem":"https:\/\/images.futebolinterior.com.br\/2026\/08\/9tVwf1uH-image-300x188.webp","resumo":"O time de Indaiatuba levou 6.396 torcedores ao Est\u00e1dio \u00cdtalo M\u00e1rio Limongi durante seus tr\u00eas jogos como mandante, alcan\u00e7ando uma m\u00e9dia de 2.132 pessoas por partida"},"2524767":{"titulo":"Edson Vieira projeta rea\u00e7\u00e3o do S\u00e3o Caetano na Copa Paulista Rivalo","link":"https:\/\/www.futebolinterior.com.br\/edson-vieira-fala-sao-caetano-copa\/","chapeu":"CONFIANTE ","data":"27\/08\/2026","imagem":"https:\/\/images.futebolinterior.com.br\/2026\/08\/image-300x255.webp","resumo":"A classifica\u00e7\u00e3o fez a diretoria do clube do ABC mudar completamente o planejamento. Inicialmente, o foco estava voltado para a prepara\u00e7\u00e3o da equipe para a disputa da S\u00e9rie A4"},"2524661":{"titulo":"Goleiro atendido, jogador fora: Copa Paulista estreia regra curiosa","link":"https:\/\/www.futebolinterior.com.br\/goleiro-atendido-jogador-fora-copa-paulista-estreia-regra-curiosa\/","chapeu":"NOVIDADE","data":"27\/08\/2026","imagem":"https:\/\/images.futebolinterior.com.br\/2026\/08\/COPA-PAULISTA-300x200.webp","resumo":"O play-in da Copa Paulista Rivalo ter\u00e1 uma nova medida contra a demora nas partidas"}}