{"2525423":{"titulo":"S\u00e3o Caetano x Primavera - Onde assistir, escala\u00e7\u00f5es e arbitragem!","link":"https:\/\/www.futebolinterior.com.br\/sao-caetano-x-primavera-onde-assistir\/","chapeu":"PLAY IN","data":"28\/08\/2026","imagem":"https:\/\/images.futebolinterior.com.br\/2026\/08\/j6nKAVRB-image-300x166.webp","resumo":"O segundo jogo est\u00e1 previsto para o dia 5 de setembro, \u00e0s 17 horas, no Est\u00e1dio \u00cdtalo M\u00e1rio Limongi, na cidade de Indaiatuba"},"2525406":{"titulo":"S\u00e3o Caetano traz dupla para decis\u00f5es contra o Primavera","link":"https:\/\/www.futebolinterior.com.br\/sao-caetano-dupla-decisoes-primavera\/","chapeu":"REFOR\u00c7OS","data":"28\/08\/2026","imagem":"https:\/\/images.futebolinterior.com.br\/2026\/08\/NnDHnCxf-image-300x175.webp","resumo":"O S\u00e3o Caetano tamb\u00e9m ter\u00e1 um novo comandante nesta fase decisiva. A equipe ser\u00e1 dirigida pelo experiente t\u00e9cnico Edson Vieira"},"2525400":{"titulo":"Noroeste confirma mais dois para a sequ\u00eancia da Copa Paulista","link":"https:\/\/www.futebolinterior.com.br\/noroeste-confirma-mais-dois-para-a-sequencia-da-copa-paulista\/","chapeu":"REFOR\u00c7OS","data":"28\/08\/2026","imagem":"https:\/\/images.futebolinterior.com.br\/2026\/08\/80A0648C-14B3-488F-91F4-763E3559A6B0-300x162.webp","resumo":""},"2525396":{"titulo":"Ex-Ponte, Ot\u00e1vio acerta com o S\u00e3o Jos\u00e9 para o mata-mata da Copa Paulista","link":"https:\/\/www.futebolinterior.com.br\/ex-ponte-otavio-acerta-com-o-sao-jose-para-o-mata-mata-da-copa-paulista\/","chapeu":"REFOR\u00c7O","data":"28\/08\/2026","imagem":"https:\/\/images.futebolinterior.com.br\/2026\/08\/8c7317e3-bb43-4065-a886-b95d7b892d8f-300x156.webp","resumo":"Campe\u00e3o da S\u00e9rie A3, volante estava encostado na Ponte por causa de transfer ban e chega para ajudar o S\u00e3o Jos\u00e9 na briga pelo t\u00edtulo."},"2525350":{"titulo":"Noroeste deve realizar amistosos e anuncia refor\u00e7o","link":"https:\/\/www.futebolinterior.com.br\/noroeste-amistosos-e-anuncia-reforco\/","chapeu":"EM PREPARO","data":"28\/08\/2026","imagem":"https:\/\/images.futebolinterior.com.br\/2026\/08\/pjlSy8eF-image-300x174.webp","resumo":"Enquanto aguarda a defini\u00e7\u00e3o do advers\u00e1rio, o Noroeste aproveita o per\u00edodo para intensificar a prepara\u00e7\u00e3o"},"2525341":{"titulo":"Mar\u00edlia avalia rescindir com zagueiro ap\u00f3s participa\u00e7\u00e3o na v\u00e1rzea","link":"https:\/\/www.futebolinterior.com.br\/marilia-avalia-rescindir-com-zagueiro\/","chapeu":"EITA","data":"28\/08\/2026","imagem":"https:\/\/images.futebolinterior.com.br\/2026\/08\/GUILHERME-CAFE-300x143.webp","resumo":"Guilherme Caf\u00e9 pode ter seu contrato com o Mar\u00edlia rescindido ap\u00f3s participar de uma partida de futebol amador em Ribeir\u00e3o Preto"},"2525297":{"titulo":"Uni\u00e3o convoca torcida para decis\u00e3o no Herm\u00ednio Ometto","link":"https:\/\/www.futebolinterior.com.br\/uniao-convoca-torcida-para-decisao\/","chapeu":"APOIO","data":"28\/08\/2026","imagem":"https:\/\/images.futebolinterior.com.br\/2026\/02\/Estadios-300x200.webp","resumo":"O mando de campo passa a ser um fator importante na disputa, e o Uni\u00e3o espera aproveitar a presen\u00e7a da torcida"},"2525286":{"titulo":"Profissionais na v\u00e1rzea: S\u00e3o Jos\u00e9 dispensa atleta e Linense \"passa pano\"","link":"https:\/\/www.futebolinterior.com.br\/varzea-sao-jose-dispensa-e-linense-passa-pano\/","chapeu":"FI DENUNCIA","data":"28\/08\/2026","imagem":"https:\/\/images.futebolinterior.com.br\/2026\/08\/jogadores-varzea-copa-paulista-tenner-300x222.webp","resumo":"As atitudes adotadas por S\u00e3o Jos\u00e9 e Linense exp\u00f5em duas vis\u00f5es antag\u00f4nicas sobre disciplina e profissionalismo no futebol"},"2525285":{"titulo":"Linense recebe Vin\u00edcius Alves de volta ap\u00f3s acesso com o ASA","link":"https:\/\/www.futebolinterior.com.br\/linense-vinicius-alves-de-volta\/","chapeu":"ARTILHEIRO","data":"28\/08\/2026","imagem":"https:\/\/images.futebolinterior.com.br\/2026\/08\/s6fesLEJ-image-300x245.webp","resumo":"Antes do empr\u00e9stimo, Vin\u00edcius Alves disputou o primeiro semestre pelo Linense no Campeonato Paulista da S\u00e9rie A2"},"2525212":{"titulo":"FI DENUNCIA: Atletas de Linense e S\u00e3o Jos\u00e9 s\u00e3o flagrados na v\u00e1rzea","link":"https:\/\/www.futebolinterior.com.br\/atletas-linense-e-sao-jose-flagrados-varzea\/","chapeu":"BOMBA!","data":"28\/08\/2026","imagem":"https:\/\/images.futebolinterior.com.br\/2026\/08\/jogadores-copa-paulista-varzea-300x172.webp","resumo":"O volante Tenner Alexandre, do Linense, e o atacante Cristiano Robert, do S\u00e3o Jos\u00e9, tamb\u00e9m participaram de partidas de v\u00e1rzea em Ribeir\u00e3o Preto"}}