{"2524449":{"titulo":"Linense e EC S\u00e3o Bernardo lideram em gols na 1\u00aa fase","link":"https:\/\/www.futebolinterior.com.br\/ec-sao-bernardo-linense-gols-1a-fase\/","chapeu":"M\u00c1QUINAS","data":"26\/08\/2026","imagem":"https:\/\/images.futebolinterior.com.br\/2026\/08\/copa-paulista-sabado-3-rodada-300x186.webp","resumo":"Alguns ataques enfrentaram uma verdadeira \"seca\" de gols. O S\u00e3o Caetano teve o pior desempenho ofensivo, com apenas dois gols"},"2524461":{"titulo":"Copa Paulista: XV de Piracicaba lidera ranking de disciplina","link":"https:\/\/www.futebolinterior.com.br\/xv-de-piracicaba-ranking-disciplina\/","chapeu":"FAIR PLAY","data":"26\/08\/2026","imagem":"https:\/\/images.futebolinterior.com.br\/2026\/08\/xv-de-piracicaba-uniao-sao-joao-copa-paulista-2026-300x197.webp","resumo":"Logo na sequ\u00eancia, Linense e Mar\u00edlia dividiram a vice-lideran\u00e7a disciplinar, com 11 cart\u00f5es amarelos cada"},"2524451":{"titulo":"Paulinho do Juventus e Bruninho do Uni\u00e3o lideram artilharia","link":"https:\/\/www.futebolinterior.com.br\/paulinho-bruninho-lideram-artilharia\/","chapeu":"DISPUTA","data":"26\/08\/2026","imagem":"https:\/\/images.futebolinterior.com.br\/2026\/08\/SaveClip.App_780748554_17986100109045862_7696214008077310177_n-300x200.webp","resumo":"Logo atr\u00e1s dos l\u00edderes, a segunda coloca\u00e7\u00e3o tem um dono isolado. Luis Gustavo, do Paulista, registrou quatro gols"},"2524436":{"titulo":"Linense e S\u00e3o Jos\u00e9, os times que mais venceram na primeira fase","link":"https:\/\/www.futebolinterior.com.br\/linense-sao-jose-mais-venceram-1a-fase\/","chapeu":"FORAM BEM","data":"26\/08\/2026","imagem":"https:\/\/images.futebolinterior.com.br\/2026\/08\/imagem_2026-08-03_215757964-300x212.webp","resumo":"A maior efici\u00eancia e consist\u00eancia ficaram com o Linense, que ostenta o feito de ser o \u00fanico time invicto da competi\u00e7\u00e3o"},"2524391":{"titulo":"Copa Paulista: Veja os destaques e decep\u00e7\u00f5es da primeira fase","link":"https:\/\/www.futebolinterior.com.br\/copa-paulista-destaques-decepcoes\/","chapeu":"TERMINADO","data":"26\/08\/2026","imagem":"https:\/\/images.futebolinterior.com.br\/2026\/08\/pxGoF71O-copa-paulista-300x200.webp","resumo":"Mar\u00edlia e Osasco Sporting n\u00e3o conseguiram engrenar no campeonato, encerrando suas participa\u00e7\u00f5es com apenas quatro pontos"},"2524381":{"titulo":"Comercial traz Raphael Pereira para o resto da Copa Paulista","link":"https:\/\/www.futebolinterior.com.br\/comercial-raphael-pereira-copa-paulista\/","chapeu":"REFOR\u00c7O","data":"26\/08\/2026","imagem":"https:\/\/images.futebolinterior.com.br\/2026\/08\/GPVmIQl7-image-300x144.webp","resumo":"O Comercial agora concentra suas aten\u00e7\u00f5es na sequ\u00eancia da Copa Paulista. O time far\u00e1 sua estreia no mata-mata contra o EC S\u00e3o Bernardo"},"2524373":{"titulo":"Bandeirante anuncia Vit\u00e3o e Thiago Timb\u00f3 para a Copa Paulista","link":"https:\/\/www.futebolinterior.com.br\/bandeirante-vitao-tiago-timbo\/","chapeu":"CHEGANDO","data":"26\/08\/2026","imagem":"https:\/\/images.futebolinterior.com.br\/2026\/08\/6M52ccZV-image-300x195.webp","resumo":"O zagueiro Thiago Timb\u00f3 estava no Velo Clube, onde disputou 15 partidas nas \u00faltimas duas temporadas e marcou um gol"},"2524138":{"titulo":"Veja quem pode cruzar o caminho dos l\u00edderes nas quartas da Copa Paulista","link":"https:\/\/www.futebolinterior.com.br\/veja-quem-pode-cruzar-o-caminho-dos-lideres-nas-quartas-da-copa-paulista\/","chapeu":"AFUNILOU!","data":"26\/08\/2026","imagem":"https:\/\/images.futebolinterior.com.br\/2026\/08\/copa-paulista-300x200.webp","resumo":"O Placar Ao Vivo do Portal Futebol Interior acompanha todos os jogos da Copa Paulista"},"2523947":{"titulo":"T\u00e9cnico do Osasco lamenta elimina\u00e7\u00e3o na Copa Paulista","link":"https:\/\/www.futebolinterior.com.br\/tecnico-osaco-lamenta-eliminacao\/","chapeu":"CLIMA RUIM","data":"25\/08\/2026","imagem":"https:\/\/images.futebolinterior.com.br\/2026\/08\/image-300x152.webp","resumo":"O Osasco Sporting terminou na quarta coloca\u00e7\u00e3o do Grupo 3, com quatro pontos, enquanto Juventus, Primavera e Paulista se classificaram"},"2523848":{"titulo":"Treinador do Bandeirante, projeta sequ\u00eancia decisiva","link":"https:\/\/www.futebolinterior.com.br\/bandeirante-sequencia-decisiva\/","chapeu":"FOCADO","data":"25\/08\/2026","imagem":"https:\/\/images.futebolinterior.com.br\/2026\/08\/3mvl3c8o-image-300x208.webp","resumo":"O Le\u00e3o da Noroeste ter\u00e1 pela frente o Uni\u00e3o S\u00e3o Jo\u00e3o, de Araras, em dois jogos, com a primeira partida possivelmente em Araras e a volta em Birigui"}}