{"2295599":{"titulo":"Campe\u00e3o da primeira edi\u00e7\u00e3o da Copa Paulista, Paulo Roberto segue livre no mercado","link":"https:\/\/www.futebolinterior.com.br\/campeao-copa-paulista-segue-no-mercado\/","chapeu":"NA PROCURA","data":"17\/06\/2025","imagem":"https:\/\/images.futebolinterior.com.br\/2025\/06\/image-300x241.webp","resumo":"Esse foi um dos t\u00edtulos mais expressivos da carreira de Paulo Roberto, que atualmente est\u00e1 livre no mercado e tem o desejo de voltar a disputar a competi\u00e7\u00e3o nesta temporada"},"2295538":{"titulo":"Samuel brilha na Copa Paulista e reacende esperan\u00e7a no Guarani","link":"https:\/\/www.futebolinterior.com.br\/samuel-brilha-na-copa-paulista-e-reacende-esperanca-no-guarani\/","chapeu":"DESTAQUE","data":"17\/06\/2025","imagem":"https:\/\/images.futebolinterior.com.br\/2025\/06\/3935c503-d300-480f-97f0-29fc64168bfe-300x188.webp","resumo":""},"2295467":{"titulo":"Copa Paulista: Monte Azul busca recupera\u00e7\u00e3o, mas mant\u00e9m foco na S\u00e9rie D","link":"https:\/\/www.futebolinterior.com.br\/monte-azul-encara-aracatuba-copa-pauli\/","chapeu":"FOCO TOTAL","data":"17\/06\/2025","imagem":"https:\/\/images.futebolinterior.com.br\/2025\/06\/image-273x300.webp","resumo":"Segundo Kinho, a equipe azul e branca busca os tr\u00eas pontos em casa contra o Ara\u00e7atuba, antes de voltar o foco para o Campeonato Brasileiro da S\u00e9rie D"},"2295386":{"titulo":"Copa Paulista: T\u00e9cnico campe\u00e3o da edi\u00e7\u00e3o 2014 comandar\u00e1 o Botafogo","link":"https:\/\/www.futebolinterior.com.br\/copa-paulista-tecnico-campeao-da-edicao-2014-comandara-o-botafogo\/","chapeu":"MUDOU!","data":"17\/06\/2025","imagem":"https:\/\/images.futebolinterior.com.br\/2025\/06\/Imagem-do-WhatsApp-de-2025-06-17-as-09.41.23_c6862c00-300x222.webp","resumo":"H\u00e1 algumas semanas, a assessoria de imprensa do Botafogo, havia informado, que o t\u00e9cnico seria Ricardo Quandt, que dirige o Sub-20 "},"2295318":{"titulo":"Copa Paulista: Clubes do Grupo 1 inscrevem jogadores para a 2\u00aa rodada","link":"https:\/\/www.futebolinterior.com.br\/copa-paulista-clubes-do-grupo-1-inscrevem-jogadores-para-a-2a-rodada\/","chapeu":"REFOR\u00c7OS","data":"17\/06\/2025","imagem":"https:\/\/images.futebolinterior.com.br\/2025\/06\/tvx3lXT4-Foto-Matheus-Dahsan-300x213.webp","resumo":"No Linense, Wendel Barros est\u00e1 de volta ao clube, depois de ter disputado o Brasileiro da S\u00e9rie D pelo Goi\u00e2nia-GO"},"2295274":{"titulo":"S\u00e3o Bento 0 x 0 XV de Piracicaba - Goleiro brilha e garante empate no CIC","link":"https:\/\/www.futebolinterior.com.br\/sao-bento-0-x-0-xv-de-piracicaba-goleiro-brilha-e-garante-empate-no-cic\/","chapeu":"PARED\u00c3O","data":"16\/06\/2025","imagem":"https:\/\/images.futebolinterior.com.br\/2025\/06\/IMG_3735-300x213.webp","resumo":"O resultado foi comemorado pelo XV, que atuou fora de casa e conseguiu segurar a press\u00e3o do Azul\u00e3o"},"2295222":{"titulo":"COPA PAULISTA: Guarani e Oeste estreiam com vit\u00f3ria; S\u00e3o Bento e XV empatam","link":"https:\/\/www.futebolinterior.com.br\/copa-paulista-guarani-e-oeste-estreiam-com-vitoria-sao-bento-e-xv-empatam\/","chapeu":"COM O P\u00c9 DIREITO","data":"16\/06\/2025","imagem":"https:\/\/images.futebolinterior.com.br\/2025\/06\/WhatsApp-Image-2025-06-16-at-20.39.17-300x200.webp","resumo":"O PLACAR FI acompanha todos os jogos da Copa Paulista"},"2295171":{"titulo":"Oeste 1 x 0 S\u00e3o Caetano - Rubr\u00e3o come\u00e7a Copa Paulista com vit\u00f3ria","link":"https:\/\/www.futebolinterior.com.br\/oeste-1-x-0-sao-caetano-rubrao-comeca-copa-paulista-com-vitoria\/","chapeu":"BOA!","data":"16\/06\/2025","imagem":"https:\/\/images.futebolinterior.com.br\/2025\/06\/2GTFotos-Sao-Caetano-300x180.webp","resumo":"Com o resultado, o Rubr\u00e3o divide a lideran\u00e7a do Grupo 4 com o S\u00e3o Jos\u00e9, que tamb\u00e9m venceu na rodada inaugural ao bater o Taubat\u00e9"},"2295186":{"titulo":"Guarani 2 x 1 Paulista - Com 2 de Samuel, Bugre estreia com o p\u00e9 direito na Copa Paulista","link":"https:\/\/www.futebolinterior.com.br\/guarani-2-x-1-paulista-com-2-de-samuel-bugre-estreia-com-o-pe-direito-na-copa-paulista\/","chapeu":"FLECHADA","data":"16\/06\/2025","imagem":"https:\/\/images.futebolinterior.com.br\/2025\/06\/Screenshot_707-300x172.webp","resumo":"Outro fator positivo foi a estreia do japon\u00eas Ryuta Takahasi."},"2294870":{"titulo":"Copa Paulista: Veja o v\u00eddeo da entrevista do t\u00e9cnico do S\u00e3o Jos\u00e9 ap\u00f3s a vit\u00f3ria","link":"https:\/\/www.futebolinterior.com.br\/copa-paulista-veja-o-video-da-entrevista-do-tecnico-do-sao-jose-apos-a-vitoria\/","chapeu":"P\u00d3S-JOGO","data":"16\/06\/2025","imagem":"https:\/\/images.futebolinterior.com.br\/2025\/06\/Imagem-do-WhatsApp-de-2025-06-16-as-09.51.23_61630bfc-300x228.webp","resumo":"Treinador elogiou a postura da equipe na vit\u00f3ria contra o Taubat\u00e9, no est\u00e1dio Martins Pereira"}}