{"2296235":{"titulo":"Copa Paulista: Taubat\u00e9 contrata dois refor\u00e7os e j\u00e1 os inscreve no BID","link":"https:\/\/www.futebolinterior.com.br\/copa-paulista-taubate-contrata-dois-reforcos-e-os-inscreve-no-bid\/","chapeu":"PRONTOS","data":"18\/06\/2025","imagem":"https:\/\/images.futebolinterior.com.br\/2025\/06\/2hDAqedf-Foto-Matheus-Dahsan-300x213.webp","resumo":"Volante Magno, de 32 anos, vinha atuando pelo Pouso Alegre-MG no Brasileiro da S\u00e9rie D com: 12 jogos, uma assist\u00eancia e um gol"},"2296225":{"titulo":"Copa Paulista: XV de Piracicaba anuncia atacante da 2\u00aa Divis\u00e3o do Mineiro","link":"https:\/\/www.futebolinterior.com.br\/copa-paulista-xv-de-piracicaba-anuncia-atacante-da-2a-divisao-do-mineiro\/","chapeu":"REFOR\u00c7O","data":"18\/06\/2025","imagem":"https:\/\/images.futebolinterior.com.br\/2025\/06\/eb22814d-a9e9-4d87-adce-cb19022dd750-300x235.webp","resumo":"Paulo Marcelo foi inscrito no Boletim Informativo Di\u00e1rio (BID) da CBF nesta quarta-feira (18) e est\u00e1 \u00e0 disposi\u00e7\u00e3o do t\u00e9cnico Mois\u00e9s Egert"},"2296161":{"titulo":"Zagueiro do Guarani se lesiona e desfalca na sequ\u00eancia da Copa Paulista","link":"https:\/\/www.futebolinterior.com.br\/zagueiro-do-guarani-se-lesiona-e-desfalca-na-sequencia-da-copa-paulista\/","chapeu":"FORA","data":"18\/06\/2025","imagem":"https:\/\/images.futebolinterior.com.br\/2025\/06\/jknR1bXe-Screenshot_14-300x204.webp","resumo":"O zagueiro M\u00e1rcio Silva, de 23 anos, sofreu les\u00e3o na coxa esquerda antes da estreia do Guarani na Copa Paulista"},"2296015":{"titulo":"Monte Azul 1 x 0 Ara\u00e7atuba - AMA conquistou seus primeiros pontos","link":"https:\/\/www.futebolinterior.com.br\/monte-azul-1-x-0-aracatuba-ama-conquistou-seus-primeiros-pontos\/","chapeu":"COPA PAULISTA","data":"18\/06\/2025","imagem":"https:\/\/images.futebolinterior.com.br\/2025\/06\/c0945900-ee9d-46aa-ba01-587505aba205-300x195.webp","resumo":"Mesmo com a derrota, o Ara\u00e7atuba permanece na vice-lideran\u00e7a do Grupo 1, com tr\u00eas pontos em dois jogos"},"2296096":{"titulo":"Treinador do S\u00e3o Bento elogia time ap\u00f3s empate com XV","link":"https:\/\/www.futebolinterior.com.br\/tecnico-sao-bento-avalia-copa-paulista\/","chapeu":"POSITIVO","data":"18\/06\/2025","imagem":"https:\/\/images.futebolinterior.com.br\/2025\/06\/PYKfQSm4-image-300x228.webp","resumo":"Coelho disse ter gostado da performance do time, mas ressaltou que ainda h\u00e1 pontos a melhorar. No confronto, o Bent\u00e3o dominou as a\u00e7\u00f5es e criou diversas chances de gol"},"2295819":{"titulo":"Torcida do Guarani surpreende em jogo da Copa Paulista","link":"https:\/\/www.futebolinterior.com.br\/torcida-do-guarani-surpreende-em-jogo-da-copa-paulista\/","chapeu":"BLOG DO ARI","data":"17\/06\/2025","imagem":"https:\/\/images.futebolinterior.com.br\/2025\/06\/Screenshot_4-300x200.webp","resumo":"A disposi\u00e7\u00e3o dos torcedores bugrinos para enfrentar as noites friorentas em Campinas precisa ser enfatizada. Vejam caso deste \u00faltimo jogo"},"2295657":{"titulo":"Inter de Limeira x Botafogo - Le\u00e3o e Pantera estreiam pela Copa Paulista","link":"https:\/\/www.futebolinterior.com.br\/inter-de-limeira-botafogo-copa-paulista\/","chapeu":"JOG\u00c3O","data":"17\/06\/2025","imagem":"https:\/\/images.futebolinterior.com.br\/2025\/06\/Fbu6HVP8-image-300x182.webp","resumo":"Com os elencos principais focados no Campeonato Brasileiro \u2014 a Inter disputa a S\u00e9rie D e o Botafogo a S\u00e9rie B \u2014 a expectativa \u00e9 que ambas entrem em campo com forma\u00e7\u00f5es alternativas"},"2295484":{"titulo":"Monte Azul x Ara\u00e7atuba - Atual campe\u00e3o busca a 1\u00aa vit\u00f3ria na 2\u00aa rodada","link":"https:\/\/www.futebolinterior.com.br\/monte-azul-x-aracatuba-atual-campeao-busca-a-1a-vitoria-na-2a-rodada\/","chapeu":"COPA PAULISTA","data":"17\/06\/2025","imagem":"https:\/\/images.futebolinterior.com.br\/2025\/06\/7bc049d5-7d65-4e34-8272-0859e10a89c7-300x236.webp","resumo":"Semifinalista do Paulist\u00e3o S\u00e9rie A4, o Ara\u00e7atuba estreou com vit\u00f3ria em casa e tentar\u00e1 somar ponto como visitante"},"2295533":{"titulo":"COPA PAULISTA: Quarta-feira marca fim da primeira rodada e in\u00edcio da segunda","link":"https:\/\/www.futebolinterior.com.br\/copa-paulista-quarta-feira-marca-fim-da-primeira-rodada-e-inicio-da-segunda\/","chapeu":"DOIS JOGOS","data":"17\/06\/2025","imagem":"https:\/\/images.futebolinterior.com.br\/2025\/06\/14e9a45d-5975-4537-9b99-e3defc6e08e1-300x199.webp","resumo":"\u00c0s 19h, entram em campo Inter de Limeira x Botafogo, que ainda v\u00e3o estrear e fecham a rodada inaugural, no est\u00e1dio Major Levy Sobrinho"},"2295629":{"titulo":"Treinador do Taubat\u00e9 analisa derrota no d\u00e9rbi do Vale","link":"https:\/\/www.futebolinterior.com.br\/tecnico-taubate-fala-copa-paulista\/","chapeu":"PRECISA MELHORAR","data":"17\/06\/2025","imagem":"https:\/\/images.futebolinterior.com.br\/2025\/06\/vz6HSqrI-image-300x196.webp","resumo":"Na classifica\u00e7\u00e3o do Grupo 4, o S\u00e3o Jos\u00e9 lidera com tr\u00eas pontos. Portuguesa Santista e Santander somam um ponto cada, enquanto Oeste, S\u00e3o Caetano e o pr\u00f3prio Taubat\u00e9 ainda n\u00e3o pontuaram"}}