{"2298910":{"titulo":"Gabriel da Motta projeta futuro no Guarani","link":"https:\/\/www.futebolinterior.com.br\/gabriel-da-motta-projeta-futuro-no-guarani\/","chapeu":"OLHO NELE","data":"24\/06\/2025","imagem":"https:\/\/images.futebolinterior.com.br\/2025\/06\/IMG_1314-300x157.webp","resumo":""},"2298849":{"titulo":"Copa Paulista: XV de Piracicaba rescinde com zagueiro e lateral-direito","link":"https:\/\/www.futebolinterior.com.br\/copa-paulista-xv-de-piracicaba-rescinde-com-zagueiro-e-lateral-direito\/","chapeu":"DE SA\u00cdDA","data":"24\/06\/2025","imagem":"https:\/\/images.futebolinterior.com.br\/2025\/06\/a9404334-80c3-4b89-9227-12e902dc9fc7-300x193.webp","resumo":"Futebol Interior publicou uma mat\u00e9ria em que Rafael Peixoto estava atuando no futebol varzeano de Campinas, na prepara\u00e7\u00e3o do XV "},"2298791":{"titulo":"Poss\u00edvel venda de clube dar\u00e1 o acesso ao Mar\u00edlia para o Paulista A2 de 2026","link":"https:\/\/www.futebolinterior.com.br\/possivel-venda-de-clube-dara-o-acesso-ao-marilia-para-o-paulista-a2-de-2026\/","chapeu":"NA TORCIDA","data":"24\/06\/2025","imagem":"https:\/\/images.futebolinterior.com.br\/2025\/06\/Imagem-do-WhatsApp-de-2025-06-24-as-11.28.54_945ede2b-300x206.webp","resumo":"presidente do MAC, Alysson Alex, preferiu n\u00e3o se manifestar sobre o assunto; clube n\u00e3o participa da Copa Paulista 2025"},"2298735":{"titulo":"Botafogo-SP contrata lateral-direito para a Copa Paulista","link":"https:\/\/www.futebolinterior.com.br\/botafogo-sp-lateraldireito-copapaulista\/","chapeu":"REFOR\u00c7O","data":"24\/06\/2025","imagem":"https:\/\/images.futebolinterior.com.br\/2025\/06\/Captura-de-tela-2025-06-24-102643-300x199.webp","resumo":"O Botafogo-SP\u00a0anunciou nesta segunda-feira (23), a contrata\u00e7\u00e3o do lateral-direito Fabr\u00edcio para a disputa da Copa Paulista. "},"2298599":{"titulo":"Copa Paulista: Treinador do S\u00e3o Bento atribui derrota em Jundia\u00ed \u00e0 desaten\u00e7\u00e3o","link":"https:\/\/www.futebolinterior.com.br\/tecnico-sao-bento-avalia-copa-paulista-2\/","chapeu":"PRECISA MELHORAR","data":"23\/06\/2025","imagem":"https:\/\/images.futebolinterior.com.br\/2025\/06\/M5tMiXrz-image-300x235.webp","resumo":"Sobre o confronto contra o Rio Branco, marcado para s\u00e1bado, \u00e0s 15h, em Americana, Coelho demonstrou confian\u00e7a"},"2298434":{"titulo":"Ap\u00f3s vit\u00f3ria, Fernando Marchiori alcan\u00e7a 11 jogos de invencibilidade na Copa Paulista","link":"https:\/\/www.futebolinterior.com.br\/tecnico-primavera-11-jogos-copa-paulista\/","chapeu":"NINGU\u00c9M SEGURA","data":"23\/06\/2025","imagem":"https:\/\/images.futebolinterior.com.br\/2025\/06\/0ozoTKVa-image-300x236.webp","resumo":"No primeiro tempo, o Primavera dominou a partida e abriu 3 a 0, com chances de ampliar o placar. No in\u00edcio da segunda etapa, chegou a fazer 4 a 0"},"2298241":{"titulo":"S\u00e3o Caetano demite t\u00e9cnico ap\u00f3s 2\u00aa rodada da Copa Paulista","link":"https:\/\/www.futebolinterior.com.br\/sao-caetano-demite-treinador-copa-pauli\/","chapeu":"FIM DA LINHA","data":"23\/06\/2025","imagem":"https:\/\/images.futebolinterior.com.br\/2025\/06\/7ABhyO7J-image-300x206.webp","resumo":"A expectativa do clube \u00e9 anunciar o novo comandante antes da terceira rodada da Copa Paulista, no pr\u00f3ximo fim de semana, quando o S\u00e3o Caetano enfrentar\u00e1 a Portuguesa Santista"},"2298002":{"titulo":"Copa Paulista volta a ter um 'hat-trick' depois de quase dois anos","link":"https:\/\/www.futebolinterior.com.br\/copa-paulista-volta-a-ter-um-hat-trick-depois-de-quase-dois-anos\/","chapeu":"3 GOLS","data":"23\/06\/2025","imagem":"https:\/\/images.futebolinterior.com.br\/2025\/06\/Imagem-do-WhatsApp-de-2025-06-22-as-20.11.43_e4e1e588-300x251.webp","resumo":"Em 2023, o atacante Werik Pop\u00f3 n\u00e3o s\u00f3 fez um 'hat-trick', como chegou a marcar quatro gols na goleada do Red Bull Bragantino sobre o Juventus"},"2298107":{"titulo":"PLACAR FI: Com S\u00e9rie B, confira os RESULTADOS deste DOMINGO","link":"https:\/\/www.futebolinterior.com.br\/confira-o-placar-fi-deste-domingo-16\/","chapeu":"COMPLET\u00c3O","data":"23\/06\/2025","imagem":"https:\/\/images.futebolinterior.com.br\/2025\/06\/0k43pYwj-image-300x173.webp","resumo":"A bola rolou para jogos do\u00a0Brasileir\u00e3o da S\u00e9rie B, Copa Paulista, feminino e diversos jogos no Mundial de Clubes da FIFA"},"2297874":{"titulo":"Portuguesa Santista 2 x 0 Oeste - Para assumir vice-lideran\u00e7a","link":"https:\/\/www.futebolinterior.com.br\/portuguesa-santista-2-x-0-oeste\/","chapeu":"IMPORTANTE","data":"22\/06\/2025","imagem":"https:\/\/images.futebolinterior.com.br\/2025\/06\/IMG_1003-300x200.webp","resumo":"A Portuguesa Santista bateu o Oeste pelo placar de 2 a 0, em partida disputada no est\u00e1dio Ulrico Mursa"}}