{"2308532":{"titulo":"Inter de Limeira 2 x 2 Comercial - Felipe Rodrigues faz 2, mas Le\u00e3o busca empate","link":"https:\/\/www.futebolinterior.com.br\/inter-de-limeira-2-x-2-comercial-felipe-rodrigues-faz-2-mas-leao-busca-empate\/","chapeu":"EMPATE","data":"08\/07\/2025","imagem":"https:\/\/images.futebolinterior.com.br\/2025\/07\/Screenshot_8-300x206.webp","resumo":"Inter de Limeira e Comercial se enfrentaram no Est\u00e1dio Major Levy Sobrinho, em Limeira, e ficaram no empate por 2 a 2"},"2308552":{"titulo":"Copa Paulista: Rio Branco contrata atacante que estava fora do Brasil h\u00e1 3 anos","link":"https:\/\/www.futebolinterior.com.br\/copa-paulista-rio-branco-contrata-atacante-que-estava-fora-do-brasil-ha-3-anos\/","chapeu":"REFOR\u00c7O","data":"08\/07\/2025","imagem":"https:\/\/images.futebolinterior.com.br\/2025\/07\/93ffaf75-32b9-40bb-af47-00b72bfee338-300x223.webp","resumo":"Atacante chega para resolver o problema do Rio Branco e principalmente do ataque, que marcou apenas um gol em quatro partidas"},"2308327":{"titulo":"COPA PAULISTA: Feriado fecha a 4\u00aa rodada e abre a 5\u00aa com dois jogos","link":"https:\/\/www.futebolinterior.com.br\/copa-paulista-feriado-fecha-a-4a-rodada-e-abre-a-5a-com-dois-jogos\/","chapeu":"NESTA QUARTA!","data":"08\/07\/2025","imagem":"https:\/\/images.futebolinterior.com.br\/2025\/07\/5fbcf06a-0b62-4c5f-bd40-b6c16f888466-300x204.webp","resumo":"Monte Azul e Noroeste est\u00e3o no Grupo 1 com os mesmos quatro pontos e dentro do G4; jogo \u00e9 nesta quarta-feira, \u00e0s 15h"},"2308385":{"titulo":"Francana ter\u00e1 dois desfalques para a sequ\u00eancia da Copa Paulista","link":"https:\/\/www.futebolinterior.com.br\/francana-tera-dois-desfalques-para-a-sequencia-da-copa-paulista\/","chapeu":"LES\u00c3O ","data":"08\/07\/2025","imagem":"https:\/\/images.futebolinterior.com.br\/2025\/07\/IMG_1895-300x190.webp","resumo":""},"2308370":{"titulo":"Carlos Alberto completa 100 jogos pela Portuguesa Santista","link":"https:\/\/www.futebolinterior.com.br\/carlos-alberto-completa-100-jogos-pela-portuguesa-santista\/","chapeu":"MARCA","data":"08\/07\/2025","imagem":"https:\/\/images.futebolinterior.com.br\/2025\/07\/IMG_1894-300x195.webp","resumo":""},"2308006":{"titulo":"Botafogo x Itapirense - Com novo t\u00e9cnico, Pantera quer sair da lanterna","link":"https:\/\/www.futebolinterior.com.br\/botafogo-x-itapirense-com-novo-tecnico-pantera-quer-sair-da-lanterna\/","chapeu":"COPA PAULISTA","data":"08\/07\/2025","imagem":"https:\/\/images.futebolinterior.com.br\/2025\/07\/Imagem-do-WhatsApp-de-2025-07-08-as-10.05.31_b892610b-300x214.webp","resumo":"Os quatro pontos que a Itapirense tem na Copa Paulista, todos foram conquistados fora de casa; time est\u00e1 no G4 do Grupo 2"},"2308024":{"titulo":"Monte Azul x Noroeste - Times est\u00e3o com a mesma pontua\u00e7\u00e3o no Grupo 1","link":"https:\/\/www.futebolinterior.com.br\/monte-azul-x-noroeste-times-estao-com-a-mesma-pontuacao-no-grupo-1\/","chapeu":"COPA PAULISTA","data":"08\/07\/2025","imagem":"https:\/\/images.futebolinterior.com.br\/2025\/07\/7936f664-b38d-4117-8c76-e49fa1c06e08-300x216.webp","resumo":"Em 2025, o Noroeste s\u00f3 venceu o Velo Clube na estreia do Paulist\u00e3o (2 a 0), como visitante e depois disso s\u00e3o: cinco derrotas e um empate"},"2308087":{"titulo":"Copa Paulista: Fausto Dias aprova atua\u00e7\u00e3o do Paulista em Americana","link":"https:\/\/www.futebolinterior.com.br\/tecnico-paulista-fala-copa-paulista\/","chapeu":"EMPATE BOM","data":"08\/07\/2025","imagem":"https:\/\/images.futebolinterior.com.br\/2025\/07\/image-300x185.webp","resumo":"O Paulista ocupa a quarta coloca\u00e7\u00e3o no Grupo 3, com quatro pontos \u2014 uma vit\u00f3ria, um empate e duas derrotas \u2014, cinco gols marcados e cinco sofridos"},"2308069":{"titulo":"Copa Paulista: Santo Andr\u00e9 anuncia Renato Peixe como novo t\u00e9cnico","link":"https:\/\/www.futebolinterior.com.br\/copa-paulista-santo-andre-anuncia-renato-peixe-como-novo-tecnico\/","chapeu":"VOLTOU!","data":"08\/07\/2025","imagem":"https:\/\/images.futebolinterior.com.br\/2025\/07\/Imagem-do-WhatsApp-de-2025-07-08-as-11.01.21_37ed1e27-300x234.webp","resumo":"Renato Peixe chega para substituir Oliveira, demitido na tarde desta segunda-feira (7), ap\u00f3s a derrota em casa para o S\u00e3o Caetano (2 a 0)"},"2308045":{"titulo":"Treinador celebra vit\u00f3ria do Noroeste na Copa Paulista","link":"https:\/\/www.futebolinterior.com.br\/tecnico-noroeste-fala-copa-paulista\/","chapeu":"COMEMOROU","data":"08\/07\/2025","imagem":"https:\/\/images.futebolinterior.com.br\/2025\/07\/mPyWNcqW-image-300x190.webp","resumo":"O Noroeste volta a campo nesta quarta-feira (9), \u00e0s 15h, para enfrentar o Monte Azul no Est\u00e1dio Otac\u00edlia Patr\u00edcio Arroyo, na casa do advers\u00e1rio"}}