{"2309490":{"titulo":"Nesta quinta! S\u00e3o Jos\u00e9 promove evento gratuito para aproximar torcedor","link":"https:\/\/www.futebolinterior.com.br\/nesta-quinta-sao-jose-promove-evento-gratuito-para-aproximar-torcedor\/","chapeu":"\u00c9 HOJE!","data":"10\/07\/2025","imagem":"https:\/\/images.futebolinterior.com.br\/2025\/07\/Sem-titulo-300x194.webp","resumo":"Objetivo \u00e9 proporcionar ao torcedor um momento especial em que ele possa conhecer os \u00eddolos de perto; t\u00e9cnico e goleiro estar\u00e3o presentes"},"2309480":{"titulo":"Copa Paulista: Oeste anuncia lateral que estava na 2\u00aa Divis\u00e3o do Goiano","link":"https:\/\/www.futebolinterior.com.br\/copa-paulista-oeste-anuncia-lateral-que-estava-na-2a-divisao-do-goiano\/","chapeu":"REFOR\u00c7O","data":"10\/07\/2025","imagem":"https:\/\/images.futebolinterior.com.br\/2025\/07\/Imagem-do-WhatsApp-de-2025-07-10-as-09.57.21_6e4a69e1-300x279.webp","resumo":"Oeste est\u00e1 na 3\u00aa coloca\u00e7\u00e3o do Grupo 4, com quatro pontos; time venceu apenas a estreia sobre o S\u00e3o Caetano (1 a 0)"},"2308937":{"titulo":"PLACAR FI: PSG x Real Madrid. Confira RESULTADOS de QUARTA-FEIRA","link":"https:\/\/www.futebolinterior.com.br\/placar-fi-psg-x-real-madrid\/","chapeu":"PLACAR FI","data":"09\/07\/2025","imagem":"https:\/\/images.futebolinterior.com.br\/2025\/07\/PSG-300x158.webp","resumo":"O Portal Futebol Interior traz o PLACAR FI com todos os resultados desta quarta-feira (09)"},"2309158":{"titulo":"Botafogo-SP 1 x 0 Itapirense - Desencantou na Copa Paulista","link":"https:\/\/www.futebolinterior.com.br\/botafogo-sp-1-x-0-itapirense\/","chapeu":"IMPORTANTE","data":"09\/07\/2025","imagem":"https:\/\/images.futebolinterior.com.br\/2025\/07\/Botafogo-SP-Itapirense-300x200.webp","resumo":"O Botafogo-SP encerrou a sequ\u00eancia sem vit\u00f3rias na Copa Paulista ao derrotar a Itapirense"},"2309122":{"titulo":"COPA PAULISTA: Botafogo e Monte Azul vencem em dia com duas rodadas","link":"https:\/\/www.futebolinterior.com.br\/copa-paulista-botafogo-e-monte-azul-vencem-em-dia-com-duas-rodadas\/","chapeu":"DOIS JOGOS","data":"09\/07\/2025","imagem":"https:\/\/images.futebolinterior.com.br\/2025\/07\/Screenshot_81-300x183.webp","resumo":"Dois jogos deram sequ\u00eancia na Copa Paulista na tarde desta quarta-feira (9), um finalizando a quarta rodada e outro iniciando a quinta"},"2309020":{"titulo":"Monte Azul 1 x 0 Noroeste - Azul\u00e3o vence e cola no l\u00edder do Grupo 1","link":"https:\/\/www.futebolinterior.com.br\/monte-azul-1-x-0-noroeste-azulao-vence-e-cola-no-lider-do-grupo-1\/","chapeu":"VENCEU","data":"09\/07\/2025","imagem":"https:\/\/images.futebolinterior.com.br\/2025\/07\/Screenshot_19-300x198.webp","resumo":"O Monte Azul venceu o Noroeste nesta quarta-feira (09), por 1 a 0, no Est\u00e1dio Otac\u00edlia Patr\u00edcio Arroyo"},"2308815":{"titulo":"Rog\u00e9rio Corr\u00eaa projeta primeira vit\u00f3ria do Gr\u00eamio Prudente como visitante","link":"https:\/\/www.futebolinterior.com.br\/rogerio-correa-projeta-primeira-vitoria-do-gremio-prudente-como-visitante\/","chapeu":"EXPECTATIVA","data":"09\/07\/2025","imagem":"https:\/\/images.futebolinterior.com.br\/2025\/07\/IMG_1906-300x168.webp","resumo":""},"2308786":{"titulo":"Placar eletr\u00f4nico estreia com vit\u00f3ria e festa no Limeir\u00e3o","link":"https:\/\/www.futebolinterior.com.br\/placar-eletronico-estreia-com-vitoria-e-festa-no-limeirao\/","chapeu":"ESTREIA","data":"09\/07\/2025","imagem":"https:\/\/images.futebolinterior.com.br\/2025\/07\/IMG_1903-300x164.webp","resumo":""},"2308779":{"titulo":"Cria do Azul\u00e3o, Nonato relembra ra\u00edzes no S\u00e3o Caetano","link":"https:\/\/www.futebolinterior.com.br\/cria-do-azulao-nonato-relembra-raizes-no-sao-caetano\/","chapeu":"CRIA","data":"09\/07\/2025","imagem":"https:\/\/images.futebolinterior.com.br\/2025\/07\/IMG_1902-300x204.webp","resumo":""},"2308777":{"titulo":"Para Toth, Rio Branco vem se desenvolvendo cada vez mais na Copa Paulista","link":"https:\/\/www.futebolinterior.com.br\/tecnico-rio-branco-fala-copa-paulista-3\/","chapeu":"EVOLUINDO","data":"09\/07\/2025","imagem":"https:\/\/images.futebolinterior.com.br\/2025\/07\/wNSBJ0H9-image-300x227.webp","resumo":"O Rio Branco volta a campo no dia 14 de julho, segunda-feira, \u00e0s 19h, contra o Guarani, no Brinco de Ouro da Princesa, em Campinas"}}