{"2310255":{"titulo":"Corpo de Bombeiros renova AVCB do Jayme Cintra","link":"https:\/\/www.futebolinterior.com.br\/jayme-cintra-do-paulista-com-avcb\/","chapeu":"LIBERADO","data":"11\/07\/2025","imagem":"https:\/\/images.futebolinterior.com.br\/2025\/07\/y2M3stt8-image-300x168.webp","resumo":"O AVCB \u00e9 um documento que comprova que uma edifica\u00e7\u00e3o ou \u00e1rea de risco atende \u00e0s exig\u00eancias de seguran\u00e7a contra inc\u00eandio e p\u00e2nico, conforme as normas t\u00e9cnicas e a legisla\u00e7\u00e3o vigente"},"2309768":{"titulo":"S\u00e3o Jos\u00e9 adere a campanha e vacina elenco contra a gripe","link":"https:\/\/www.futebolinterior.com.br\/sao-jose-adere-a-campanha-e-vacina-elenco-contra-a-gripe\/","chapeu":"GESTO","data":"10\/07\/2025","imagem":"https:\/\/images.futebolinterior.com.br\/2025\/07\/IMG_1918-300x200.webp","resumo":""},"2309755":{"titulo":"Pressionada, Francana treina parte t\u00e1tica no feriado","link":"https:\/\/www.futebolinterior.com.br\/pressionada-francana-treina-parte-tatica-no-feriado\/","chapeu":"FOCO","data":"10\/07\/2025","imagem":"https:\/\/images.futebolinterior.com.br\/2025\/07\/IMG_1937-300x185.webp","resumo":""},"2309742":{"titulo":"Homenagem! Veja quantos jogos Jos\u00e9 Galli Neto teve pelo Mar\u00edlia em duas passagens","link":"https:\/\/www.futebolinterior.com.br\/homenagem-veja-quantos-jogos-jose-galli-neto-teve-pelo-marilia-em-duas-passagens\/","chapeu":"LUTO","data":"10\/07\/2025","imagem":"https:\/\/images.futebolinterior.com.br\/2025\/07\/Galli-Neto_Easy-Resize.com_-300x200.webp","resumo":"A segunda passagem foi mais curta e durou somente as quatro primeiras rodadas do Paulist\u00e3o S\u00e9rie A3 de 2012"},"2309738":{"titulo":"Ap\u00f3s empate do Comercial, Davino ressalta \u201cO jogo pediu outra postura\u201d","link":"https:\/\/www.futebolinterior.com.br\/apos-empate-do-comercial-davino-ressalta-o-jogo-pediu-outra-postura\/","chapeu":"AL\u00cdVIO ","data":"10\/07\/2025","imagem":"https:\/\/images.futebolinterior.com.br\/2025\/07\/IMG_1936-300x171.webp","resumo":""},"2309691":{"titulo":"Copa Paulista: Noroeste demite t\u00e9cnico Ivan Canela ap\u00f3s derrota em Monte Azul","link":"https:\/\/www.futebolinterior.com.br\/copa-paulista-noroeste-demite-tecnico-ivan-canela-apos-derrota-em-monte-azul\/","chapeu":"FIM DA LINHA","data":"10\/07\/2025","imagem":"https:\/\/images.futebolinterior.com.br\/2025\/07\/73abe375-4646-4db9-98be-50e25193391e-300x216.webp","resumo":"Norusca segue no G4, mas pode deixar a zona de classifica\u00e7\u00e3o do Grupo 1 da Copa Paulista; time fez apenas um gol em quatro partidas"},"2309651":{"titulo":"Ap\u00f3s empate, t\u00e9cnico da Inter de Limeira cobra nova postura na Copa Paulista","link":"https:\/\/www.futebolinterior.com.br\/tecnico-inter-de-limeira-copa-paulista\/","chapeu":"PRECISA MELHORAR","data":"10\/07\/2025","imagem":"https:\/\/images.futebolinterior.com.br\/2025\/07\/uAay6ZC3-image-300x217.webp","resumo":"Com o resultado, a Inter ocupa a terceira coloca\u00e7\u00e3o do Grupo 2, com cinco pontos \u2014 uma vit\u00f3ria, dois empates e uma derrota \u2014 e 41% de aproveitamento"},"2309063":{"titulo":"Copa Paulista: Novo t\u00e9cnico do Santo Andr\u00e9 inicia trabalhos com o elenco","link":"https:\/\/www.futebolinterior.com.br\/tecnico-santo-andre-copa-paulista-2\/","chapeu":"CHEGOU","data":"10\/07\/2025","imagem":"https:\/\/images.futebolinterior.com.br\/2025\/07\/image-300x267.webp","resumo":"Renato Peixe falou ao portal Futebol Interior sobre a expectativa de assumir o comando do time do ABC ap\u00f3s as quatro primeiras rodadas"},"2309578":{"titulo":"T\u00e9cnico do XV de Piracicaba elogia a equipe, mas alerta para os erros na Copa Paulista","link":"https:\/\/www.futebolinterior.com.br\/tecnico-xv-de-piracicaba-copa-paulista\/","chapeu":"FOCO TOTAL","data":"10\/07\/2025","imagem":"https:\/\/images.futebolinterior.com.br\/2025\/07\/image-300x260.webp","resumo":"O t\u00e9cnico Mois\u00e9s Egert elogiou a postura da equipe no confronto direto contra um dos l\u00edderes, mas alertou que alguns erros n\u00e3o podem se repetir"},"2309507":{"titulo":"SELE\u00c7\u00c3O FI da 4\u00aa rodada da Copa Paulista \u00e9 divulgada. Confira!","link":"https:\/\/www.futebolinterior.com.br\/selecao-fi-da-4a-rodada-da-copa-paulista-e-divulgada-confira\/","chapeu":"OS MELHORES","data":"10\/07\/2025","imagem":"https:\/\/images.futebolinterior.com.br\/2025\/07\/Imagem-do-WhatsApp-de-2025-07-10-as-11.03.30_57542bb3-300x188.webp","resumo":"Taubat\u00e9, Portuguesa Santista, Primavera, Noroeste, Comercial e Botafogo apareceram com um representante cada"}}