{"2310783":{"titulo":"Taubat\u00e9 acerta retorno de Felipe Nicolas para Copa Paulista 2025","link":"https:\/\/www.futebolinterior.com.br\/taubate-felipe-nicolas-retorno-copa-paulista-2025-goleiro\/","chapeu":"REAPRESENTA","data":"11\/07\/2025","imagem":"https:\/\/images.futebolinterior.com.br\/2025\/07\/Screenshot_246-300x190.webp","resumo":"Taubat\u00e9 confirma volta do goleiro Felipe Nicolas para a sequ\u00eancia da Copa Paulista 2025."},"2310637":{"titulo":"Portuguesa Santista x S\u00e3o Jos\u00e9 - Onde assistir, hor\u00e1rio e escala\u00e7\u00f5es!","link":"https:\/\/www.futebolinterior.com.br\/portuguesa-santista-x-sao-jose-onde-assistir-horario-e-escalacoes\/","chapeu":"JOG\u00c3O ","data":"11\/07\/2025","imagem":"https:\/\/images.futebolinterior.com.br\/2025\/07\/IMG_1958-300x225.webp","resumo":""},"2310486":{"titulo":"S\u00e3o Caetano x Taubat\u00e9 - Onde assistir, hor\u00e1rio e escala\u00e7\u00f5es!","link":"https:\/\/www.futebolinterior.com.br\/sao-caetano-taubate-copa-paulista\/","chapeu":"JOG\u00c3O","data":"11\/07\/2025","imagem":"https:\/\/images.futebolinterior.com.br\/2025\/07\/TGZmORbo-image-300x188.webp","resumo":"O S\u00e3o Caetano ocupa a quarta coloca\u00e7\u00e3o do Grupo 4, com tr\u00eas pontos, enquanto o Taubat\u00e9 \u00e9 o quinto, tamb\u00e9m com tr\u00eas pontos, mas ainda n\u00e3o venceu na competi\u00e7\u00e3o"},"2310589":{"titulo":"Guarani x Rio Branco - Onde assistir, hor\u00e1rio e escala\u00e7\u00f5es!","link":"https:\/\/www.futebolinterior.com.br\/guarani-x-rio-branco-onde-assistir-horario-e-escalacoes\/","chapeu":"JOG\u00c3O ","data":"11\/07\/2025","imagem":"https:\/\/images.futebolinterior.com.br\/2025\/07\/00cfcedc-e349-4fa7-8f41-383c342649a8-300x200.webp","resumo":""},"2310086":{"titulo":"Comercial x Uni\u00e3o S\u00e3o Jo\u00e3o - L\u00edder e vice-l\u00edder disputam a ponta da tabela","link":"https:\/\/www.futebolinterior.com.br\/comercial-x-uniao-sao-joao-lider-e-vice-lider-disputam-a-ponta-da-tabela\/","chapeu":"COPA PAULISTA","data":"11\/07\/2025","imagem":"https:\/\/images.futebolinterior.com.br\/2025\/07\/Imagem-do-WhatsApp-de-2025-07-11-as-09.39.42_7e0c296f-300x275.webp","resumo":"Depois da derrota na estreia em casa para a Itapirense (1 a 0), o Uni\u00e3o S\u00e3o Jo\u00e3o vem de tr\u00eas jogos de invencibilidade"},"2310104":{"titulo":"Paulista x XV de Piracicaba - Galo quer subir na tabela e encara o l\u00edder e invicto","link":"https:\/\/www.futebolinterior.com.br\/paulista-x-xv-de-piracicaba-galo-quer-subir-na-tabela-e-encara-o-lider-e-invicto\/","chapeu":"COPA PAULISTA","data":"11\/07\/2025","imagem":"https:\/\/images.futebolinterior.com.br\/2025\/07\/Imagem-do-WhatsApp-de-2025-07-11-as-10.37.05_fdf82e17-300x270.webp","resumo":"XV de Piracicaba tem o 2\u00ba melhor ataque da Copa Paulista, com seis gols marcados, ao lado do Primavera e s\u00f3 atr\u00e1s do S\u00e3o Jos\u00e9 com dez"},"2310548":{"titulo":"Primavera x S\u00e3o Bento - Onde assistir, hor\u00e1rio e escala\u00e7\u00f5es!","link":"https:\/\/www.futebolinterior.com.br\/primavera-x-sao-bento-onde-assistir-horario-e-escalacoes\/","chapeu":"JOG\u00c3O ","data":"11\/07\/2025","imagem":"https:\/\/images.futebolinterior.com.br\/2025\/07\/IMG_1955-300x194.webp","resumo":""},"2310364":{"titulo":"COPA PAULISTA: Cinco partidas neste s\u00e1bado d\u00e3o sequ\u00eancia \u00e0 5\u00aa rodada","link":"https:\/\/www.futebolinterior.com.br\/copa-paulista-cinco-partidas-neste-sabado-dao-sequencia-a-5a-rodada\/","chapeu":"1\u00aa FASE","data":"11\/07\/2025","imagem":"https:\/\/images.futebolinterior.com.br\/2025\/07\/Imagem-do-WhatsApp-de-2025-07-11-as-14.57.36_a1f1bd09-300x293.webp","resumo":"Pelo Grupo 2 um jogo \u00fanico, mas que vale a lideran\u00e7a: o Comercial recebe o vice-l\u00edder Uni\u00e3o S\u00e3o Jo\u00e3o, \u00e0s 15h, em Ribeir\u00e3o Preto"},"2310512":{"titulo":"Coelho projeta confronto duro com Primavera e refor\u00e7a confian\u00e7a no S\u00e3o Bento","link":"https:\/\/www.futebolinterior.com.br\/coelho-projeta-confronto-duro-com-primavera-e-reforca-confianca-no-sao-bento\/","chapeu":"PREPARA\u00c7\u00c3O ","data":"11\/07\/2025","imagem":"https:\/\/images.futebolinterior.com.br\/2025\/07\/IMG_1953-300x214.webp","resumo":""},"2310345":{"titulo":"Copa Paulista: Primavera joga como mandante no Mois\u00e9s Lucarelli, em Campinas","link":"https:\/\/www.futebolinterior.com.br\/copa-paulista-primavera-joga-como-mandante-no-moises-lucarelli-em-campinas\/","chapeu":"NOVA CASA","data":"11\/07\/2025","imagem":"https:\/\/images.futebolinterior.com.br\/2025\/07\/27c6cb33-f1fa-4ad6-a7e3-e52579ca5ca8-300x212.webp","resumo":"\u201cO Mois\u00e9s Lucarelli \u00e9 um est\u00e1dio excelente, e agradecemos imensamente \u00e0 Ponte Preta por abrir as portas\", comentou o treinador"}}