{"2310924":{"titulo":"Oeste x Santo Andr\u00e9 - Rubr\u00e3o e Ramalh\u00e3o tentam embalar na Copa Paulista","link":"https:\/\/www.futebolinterior.com.br\/oeste-santo-andre-pela-copa-paulista\/","chapeu":"VAI PEGAR FOGO","data":"13\/07\/2025","imagem":"https:\/\/images.futebolinterior.com.br\/2025\/07\/image-300x257.webp","resumo":"O duelo d\u00e1 continuidade \u00e0 quinta rodada do Grupo 4 da Copa Paulista. A competi\u00e7\u00e3o garante aos finalistas uma vaga no Brasileiro S\u00e9rie D ou na Copa do Brasil de 2026"},"2311318":{"titulo":"Linense 1 x 1 Gr\u00eamio Prudente - Partida muito disputada na Copa Paulista","link":"https:\/\/www.futebolinterior.com.br\/linense-1-x-1-gremio-prudente\/","chapeu":"IGUAIS","data":"12\/07\/2025","imagem":"https:\/\/images.futebolinterior.com.br\/2025\/07\/SaveClip.App_519426111_18511350082040101_5220060199750903452_n-300x200.webp","resumo":"\nCom o resultado, o Gr\u00eamio Prudente lidera o grupo com oito pontos e duas vit\u00f3rias\n"},"2311189":{"titulo":"COPA PAULISTA: XV de Piracicaba segue invicto e Uni\u00e3o S\u00e3o Jo\u00e3o vence duelo direto","link":"https:\/\/www.futebolinterior.com.br\/copa-paulista-xv-de-piracicaba-uniao\/","chapeu":"SABADOU","data":"12\/07\/2025","imagem":"https:\/\/images.futebolinterior.com.br\/2025\/07\/xv-300x263.webp","resumo":"Cinco partidas movimentaram a disputa da quinta rodada da primeira fase da Copa Paulista Sicredi no decorrer do dia deste sabado (12)"},"2311155":{"titulo":"Primavera 2 x 2 S\u00e3o Bento - Teve de tudo na Copa Paulista","link":"https:\/\/www.futebolinterior.com.br\/primavera-2-x-2-sao-bento\/","chapeu":"JOG\u00c3O","data":"12\/07\/2025","imagem":"https:\/\/images.futebolinterior.com.br\/2025\/07\/SaveClip.App_517668562_18387697327189723_7430924662729505973_n-300x200.webp","resumo":"Teve de tudo no duelo entre Primavera e S\u00e3o Bento, neste s\u00e1bado (12), pela quinta rodada do Grupo 3 da Copa Paulista\n"},"2311094":{"titulo":"Comercial 0 x 1 Uni\u00e3o S\u00e3o Jo\u00e3o - Verd\u00e3o derruba Le\u00e3o e lidera","link":"https:\/\/www.futebolinterior.com.br\/comercial-0-x-1-uniao-sao-joao-verdao-derruba-leao-e-lidera\/","chapeu":"NO TOPO","data":"12\/07\/2025","imagem":"https:\/\/images.futebolinterior.com.br\/2025\/07\/Screenshot_25-300x208.webp","resumo":"O Comercial joga mal, perde a invencibilidade para o Uni\u00e3o S\u00e3o Jo\u00e3o e a lideran\u00e7a na Copa Paulista"},"2311066":{"titulo":"S\u00e3o Caetano 0 x 2 Taubat\u00e9 - Vit\u00f3ria dos visitantes em jogo quente","link":"https:\/\/www.futebolinterior.com.br\/sao-caetano-0-x-2-taubate\/","chapeu":"IMPORTANTE","data":"12\/07\/2025","imagem":"https:\/\/images.futebolinterior.com.br\/2025\/07\/SaveClip.App_518196916_18469878121078965_3067272198016109831_n-300x200.webp","resumo":"O Taubat\u00e9 superou o S\u00e3o Caetano por 2 a 0 na tarde deste s\u00e1bado (12), no est\u00e1dio Anacleto Campanella"},"2310992":{"titulo":"Paulista 0 x 1 XV de Piracicaba - Galo do Japi perde em casa e deixa o G4","link":"https:\/\/www.futebolinterior.com.br\/paulista-0-x-1-xv-de-piracicaba-galo-do-japi-perde-em-casa-e-deixa-o-g4\/","chapeu":"COPA PAULISTA","data":"12\/07\/2025","imagem":"https:\/\/images.futebolinterior.com.br\/2025\/07\/d0353623-7e6b-4c4f-90b4-f43ff5af660d-300x200.webp","resumo":"XV de Piracicaba continua invicto (tr\u00eas vit\u00f3rias e dois empates) e na lideran\u00e7a absoluta do Grupo 3, com 11 pontos"},"2310982":{"titulo":"Luto! Morre ex-jogador e t\u00e9cnico do Taubat\u00e9, campe\u00e3o em 1954","link":"https:\/\/www.futebolinterior.com.br\/luto-morre-ex-jogador-e-tecnico-do-taubate-campeao-em-1954\/","chapeu":"\u00cdDOLO","data":"12\/07\/2025","imagem":"https:\/\/images.futebolinterior.com.br\/2025\/07\/Screenshot_17-300x203.webp","resumo":"O Esporte Clube Taubat\u00e9 comunicou com pesar o falecimento de Ant\u00f4nio J\u00falio Taino, aos 94 anos"},"2310968":{"titulo":"Luto! Morre goleiro ex-S\u00e3o Bento e Paulista que defendeu p\u00eanalti de Pel\u00e9","link":"https:\/\/www.futebolinterior.com.br\/luto-morre-goleiro-ex-sao-bento-e-paulista-que-defendeu-penalti-de-pele\/","chapeu":"TRISTE","data":"12\/07\/2025","imagem":"https:\/\/images.futebolinterior.com.br\/2025\/07\/Screenshot_14-300x229.webp","resumo":"Morreu neste s\u00e1bado, na cidade de Jundia\u00ed, o goleiro Louren\u00e7o, que foi destaque no S\u00e3o Bento e Paulista, e defendeu p\u00eanalti de Pel\u00e9"},"2310805":{"titulo":"Comercial refor\u00e7a defesa com Lucas Lima para a Copa Paulista","link":"https:\/\/www.futebolinterior.com.br\/comercial-contrata-lucas-lima-zagueiro-copa-paulista-uniao-sao-joao\/","chapeu":"REFOR\u00c7O","data":"11\/07\/2025","imagem":"https:\/\/images.futebolinterior.com.br\/2025\/07\/DR0XMuPw-Screenshot_249-300x208.webp","resumo":"Comercial fecha com zagueiro Lucas Lima para sequ\u00eancia da Copa Paulista; jogador j\u00e1 pode estrear neste s\u00e1bado."}}