{"2312742":{"titulo":"Prata da casa do Taubat\u00e9: amor e reconhecimento","link":"https:\/\/www.futebolinterior.com.br\/prata-da-casa-volta-ao-taubate\/","chapeu":"PARED\u00c3O","data":"15\/07\/2025","imagem":"https:\/\/images.futebolinterior.com.br\/2025\/07\/4tUdesyh-image-300x188.webp","resumo":"Uma das novidades do elenco nesta edi\u00e7\u00e3o \u00e9 o goleiro Felipe Nicolas, de 27 anos. Formado nas categorias de base do Taubat\u00e9, ele defendeu o clube at\u00e9 2021"},"2312425":{"titulo":"PLACAR FI: Com Brasileir\u00e3o, confira os RESULTADOS desta SEGUNDA-FEIRA","link":"https:\/\/www.futebolinterior.com.br\/confira-o-placar-fi-desta-segunda-feira-4\/","chapeu":"COMPLET\u00c3O","data":"14\/07\/2025","imagem":"https:\/\/images.futebolinterior.com.br\/2025\/07\/guarani-vence-copa-paulista-placar-fi-e1752544199182-300x214.webp","resumo":"Claro, o\u00a0Placar ao Vivo do Portal Futebol Interior\u00a0acompanhou todos os jogos e traz para voc\u00ea a lista com todos os resultados.\u00a0Confira!"},"2312574":{"titulo":"Oeste 0 x 1 Santo Andr\u00e9 - Ramalh\u00e3o vence 1\u00aa na Copa Paulista e respira","link":"https:\/\/www.futebolinterior.com.br\/oeste-0-x-1-santo-andre-copa-paulista\/","chapeu":"BOA","data":"14\/07\/2025","imagem":"https:\/\/images.futebolinterior.com.br\/2025\/07\/3O0A8430-300x300.webp","resumo":"Com o resultado, o Santo Andr\u00e9 saiu da lanterna do Grupo 4 e j\u00e1 est\u00e1 dentro do G-4, na quarta coloca\u00e7\u00e3o, com cinco pontos"},"2312514":{"titulo":"COPA PAULISTA: Guarani se reabilita e Santo Andr\u00e9 desencanta","link":"https:\/\/www.futebolinterior.com.br\/copa-paulista-guarani-se-reabilita-e-santo-andre-desencanta\/","chapeu":"UFA!","data":"14\/07\/2025","imagem":"https:\/\/images.futebolinterior.com.br\/2025\/07\/WhatsApp-Image-2025-07-14-at-20.27.01-300x200.webp","resumo":"O PLACAR FI acompanha todos os jogos da Copa Paulista"},"2312439":{"titulo":"Guarani 1 x 0 Rio Branco - Bugre se reabilita na Copa Paulista!","link":"https:\/\/www.futebolinterior.com.br\/guarani-1-x-0-rio-branco-bugre-se-reabilita-na-copa-paulista\/","chapeu":"REABILITADO","data":"14\/07\/2025","imagem":"https:\/\/images.futebolinterior.com.br\/2025\/07\/WhatsApp-Image-2025-07-14-at-20.03.53-300x200.webp","resumo":"Michael no come\u00e7o da partida marcou o gol da vit\u00f3ria do Bugre"},"2312320":{"titulo":"Coelho lamenta empate do S\u00e3o Bento na Copa Paulista","link":"https:\/\/www.futebolinterior.com.br\/tecnico-sao-bento-avalia-copa-paulista-4\/","chapeu":"N\u00c3O GOSTOU","data":"14\/07\/2025","imagem":"https:\/\/images.futebolinterior.com.br\/2025\/07\/RPHongFP-image-300x251.webp","resumo":"Coelho tamb\u00e9m adiantou que pretende fazer ajustes para a pr\u00f3xima rodada, quando o S\u00e3o Bento enfrentar\u00e1 o XV de Piracicaba, fora de casa, no Est\u00e1dio Bar\u00e3o da Serra Negra"},"2312263":{"titulo":"Atletas da Z\u00e2mbia fazem interc\u00e2mbio com a Francana","link":"https:\/\/www.futebolinterior.com.br\/atletas-da-zambia-fazem-intercambio-com-a-francana\/","chapeu":"VISITA","data":"14\/07\/2025","imagem":"https:\/\/images.futebolinterior.com.br\/2025\/07\/IMG_1980-300x189.webp","resumo":""},"2312254":{"titulo":"Rog\u00e9rio Corr\u00eaa valoriza ponto e testa nova forma\u00e7\u00e3o no Gr\u00eamio Prudente","link":"https:\/\/www.futebolinterior.com.br\/rogerio-correa-valoriza-ponto-e-testa-nova-formacao-no-gremio-prudente\/","chapeu":"COLETIVA","data":"14\/07\/2025","imagem":"https:\/\/images.futebolinterior.com.br\/2025\/07\/IMG_1979-300x178.webp","resumo":""},"2312248":{"titulo":"Mois\u00e9s Egert exalta maturidade e elogia vit\u00f3ria fora do XV","link":"https:\/\/www.futebolinterior.com.br\/moises-egert-exalta-maturidade-e-elogia-vitoria-fora-do-xv\/","chapeu":"ORGULHO","data":"14\/07\/2025","imagem":"https:\/\/images.futebolinterior.com.br\/2025\/07\/IMG_1978-300x200.webp","resumo":""},"2312129":{"titulo":"Fernando Marchiori chega a 14 jogos de invencibilidade na Copa Paulista","link":"https:\/\/www.futebolinterior.com.br\/tecnico-primavera-invicto-copa-paulista\/","chapeu":"NINGU\u00c9M SEGURA","data":"14\/07\/2025","imagem":"https:\/\/images.futebolinterior.com.br\/2025\/07\/1qBlpnNz-image-300x225.webp","resumo":"O confronto, v\u00e1lido pela 5\u00aa rodada da fase de grupos da Copa Paulista, marcou o encerramento do primeiro turno da equipe na competi\u00e7\u00e3o, com a invencibilidade mantida"}}