{"2313461":{"titulo":"Fof\u00e3o valoriza evolu\u00e7\u00e3o do Comercial ap\u00f3s empate","link":"https:\/\/www.futebolinterior.com.br\/fofao-valoriza-evolucao-do-comercial-apos-empate\/","chapeu":"SATISFEITO","data":"16\/07\/2025","imagem":"https:\/\/images.futebolinterior.com.br\/2025\/07\/IMG_2057-300x169.webp","resumo":""},"2312218":{"titulo":"S\u00e3o Jos\u00e9 perde 100%, mas mant\u00e9m a melhor campanha; veja n\u00fameros da Copa Paulista","link":"https:\/\/www.futebolinterior.com.br\/sao-jose-perde-100-mas-mantem-a-melhor-campanha-veja-numeros-da-copa-paulista\/","chapeu":"SE LIGA!","data":"16\/07\/2025","imagem":"https:\/\/images.futebolinterior.com.br\/2025\/07\/Captura-de-Tela-2025-07-14-as-15.18.16-300x196.webp","resumo":"O Placar Ao Vivo do Portal Futebol Interior acompanha todos os jogos da Copa Paulista "},"2312872":{"titulo":"COPA PAULISTA: Quarta-feira com tr\u00eas jogos\u00a0","link":"https:\/\/www.futebolinterior.com.br\/copa-paulista-quarta-feira-com-tres-jogos\/","chapeu":"RODADA","data":"16\/07\/2025","imagem":"https:\/\/images.futebolinterior.com.br\/2025\/07\/IMG_2021-300x200.webp","resumo":""},"2313069":{"titulo":"Itapirense x Inter de Limeira - Duelo de G4 na Copa Paulista","link":"https:\/\/www.futebolinterior.com.br\/itapirense-inter-de-limeira-copa-paulis\/","chapeu":"VAI PEGAR FOGO","data":"15\/07\/2025","imagem":"https:\/\/images.futebolinterior.com.br\/2025\/07\/kX6173tt-image-300x242.webp","resumo":"A partida ser\u00e1 disputada no est\u00e1dio Coronel Francisco Vieira, em Itapira, com expectativa de um bom jogo entre duas equipes que atualmente integram o G4 da chave"},"2312891":{"titulo":"Ryuta \u00e9 homenageado por Instituto Nipo ap\u00f3s vit\u00f3ria do Guarani","link":"https:\/\/www.futebolinterior.com.br\/ryuta-e-homenageado-por-instituto-nipo-apos-vitoria-do-guarani\/","chapeu":"VISITA","data":"15\/07\/2025","imagem":"https:\/\/images.futebolinterior.com.br\/2025\/07\/IMG_2015-300x200.webp","resumo":""},"2312884":{"titulo":"Comercial deseja contratar um meia-atacante para o segundo turno","link":"https:\/\/www.futebolinterior.com.br\/comercial-deseja-contratar-um-meia-atacante-para-o-segundo-turno\/","chapeu":"INTERESSE","data":"15\/07\/2025","imagem":"https:\/\/images.futebolinterior.com.br\/2025\/07\/IMG_2023-300x178.webp","resumo":""},"2312880":{"titulo":"Coelho v\u00ea evolu\u00e7\u00e3o do S\u00e3o Bento, mas lamenta empates","link":"https:\/\/www.futebolinterior.com.br\/coelho-ve-evolucao-do-sao-bento-mas-lamenta-empates\/","chapeu":"TROPE\u00c7O ","data":"15\/07\/2025","imagem":"https:\/\/images.futebolinterior.com.br\/2025\/07\/IMG_2022-300x200.webp","resumo":""},"2312866":{"titulo":"Monte Azul x Gr\u00eamio Prudente - Onde assistir, hor\u00e1rio e escala\u00e7\u00f5es!","link":"https:\/\/www.futebolinterior.com.br\/monte-azul-x-gremio-prudente-onde-assistir-horario-e-escalacoes\/","chapeu":"JOG\u00c3O ","data":"15\/07\/2025","imagem":"https:\/\/images.futebolinterior.com.br\/2025\/07\/IMG_2020-300x161.webp","resumo":""},"2312849":{"titulo":"Francana x Botafogo-SP - Onde assistir, hor\u00e1rio e escala\u00e7\u00f5es!","link":"https:\/\/www.futebolinterior.com.br\/francana-x-botafogo-sp-onde-assistir-horario-e-escalacoes\/","chapeu":"JOG\u00c3O","data":"15\/07\/2025","imagem":"https:\/\/images.futebolinterior.com.br\/2025\/07\/IMG_2019-300x162.webp","resumo":""},"2312748":{"titulo":"T\u00e9cnico do Gr\u00eamio Prudente aponta falta de calma nas finaliza\u00e7\u00f5es em Lins","link":"https:\/\/www.futebolinterior.com.br\/tecnico-gremio-prudente-copa-paulista\/","chapeu":"PRECISA MELHORAR","data":"15\/07\/2025","imagem":"https:\/\/images.futebolinterior.com.br\/2025\/07\/5EuBvN8t-image-300x219.webp","resumo":"O t\u00e9cnico tamb\u00e9m comentou sobre o confronto direto desta quarta-feira (17), \u00e0s 15h, contra o Atl\u00e9tico Monte Azul, no Est\u00e1dio Otac\u00edlia Patr\u00edcio Arroyo, em Monte Azul Paulista"}}