{"2313684":{"titulo":"PLACAR FI: Com Brasileir\u00e3o, confira os RESULTADOS desta QUARTA-FEIRA","link":"https:\/\/www.futebolinterior.com.br\/confira-o-placar-fi-desta-quarta-feira-7\/","chapeu":"COMPLET\u00c3O","data":"16\/07\/2025","imagem":"https:\/\/images.futebolinterior.com.br\/2025\/07\/Screenshot_67-300x209.webp","resumo":"Claro, o\u00a0Placar ao Vivo do Portal Futebol Interior\u00a0acompanhou todos os jogos e traz para voc\u00ea a lista com todos os resultados.\u00a0Confira!"},"2313791":{"titulo":"COPA PAULISTA: Gr\u00eamio Prudente mant\u00e9m lideran\u00e7a e Inter de Limeira se reabilita","link":"https:\/\/www.futebolinterior.com.br\/copa-paulista-gremio-prudente\/","chapeu":"RESUM\u00c3O","data":"16\/07\/2025","imagem":"https:\/\/images.futebolinterior.com.br\/2025\/07\/Bota-300x168.webp","resumo":"Tr\u00eas partidas movimentaram a disputa da Copa Paulista no decorrer do dia desta quarta-feira (16), duas da quinta e uma da sexta rodada"},"2313783":{"titulo":"Francana 0 x 0 Botafogo-SP - Jogo movimentado na Copa Paulista","link":"https:\/\/www.futebolinterior.com.br\/francana-0-x-0-botafogo-sp\/","chapeu":"IGUAIS","data":"16\/07\/2025","imagem":"https:\/\/images.futebolinterior.com.br\/2025\/07\/WhatsApp-Image-2025-07-16-at-20.41.52-300x200.webp","resumo":"Francana e Botafogo-SP ficaram no empate por 0 a 0 nesta quarta-feira (16), no Est\u00e1dio Jos\u00e9 Lancha Filho"},"2313639":{"titulo":"Itapirense 2 x 4 Inter de Limeira - Le\u00e3o volta a vencer na Copa Paulista","link":"https:\/\/www.futebolinterior.com.br\/itapirense-2-x-4-inter-limeira-copa-paulista\/","chapeu":"COM SUSTO!","data":"16\/07\/2025","imagem":"https:\/\/images.futebolinterior.com.br\/2025\/07\/Inter-de-Limeira-bate-Itapirense-na-Copa-Paulista-300x205.webp","resumo":"Com o resultado, a Inter foi a oito pontos e salvou para a terceira coloca\u00e7\u00e3o do Grupo 2, dois atr\u00e1s de Uni\u00e3o S\u00e3o Jo\u00e3o e Comercial"},"2313667":{"titulo":"Copa Paulista: Treinador avalia Rio Branco ap\u00f3s derrota para o Guarani","link":"https:\/\/www.futebolinterior.com.br\/tecnico-rio-branco-fala-copa-paulista-4\/","chapeu":"QUER MAIS","data":"16\/07\/2025","imagem":"https:\/\/images.futebolinterior.com.br\/2025\/07\/zdVe4B2v-image-300x155.webp","resumo":"Na pr\u00f3xima rodada, o Rio Branco, que ocupa a sexta coloca\u00e7\u00e3o do Grupo 3, com dois pontos, visita o Primavera, em Campinas, no domingo (20), \u00e0s 11h"},"2313597":{"titulo":"Impressoras e torcedores: como empresas do interior est\u00e3o lucrando com personalizados de clubes locais","link":"https:\/\/www.futebolinterior.com.br\/empresas-interior-lucrando-times-locais\/","chapeu":"SAIBA MAIS","data":"16\/07\/2025","imagem":"https:\/\/images.futebolinterior.com.br\/2025\/07\/WhatsApp-Image-2025-07-16-at-17.53.47-300x161.webp","resumo":"Camisas, canecas, adesivos, bandeiras, bon\u00e9s e at\u00e9 caixas personalizadas para presente viraram febre entre os torcedores. E, por tr\u00e1s de cada item vendido, h\u00e1 um processo"},"2313545":{"titulo":"Monte Azul 1 x 1 Gr\u00eamio Prudente - Dois expulsos e tudo igual","link":"https:\/\/www.futebolinterior.com.br\/monte-azul-1-x-1-gremio-prudente-dois-expulsos-e-tudo-igual\/","chapeu":"EMPATE","data":"16\/07\/2025","imagem":"https:\/\/images.futebolinterior.com.br\/2025\/07\/IMG_2063-300x198.webp","resumo":""},"2313533":{"titulo":"Juraci Catarino deixa o Santo Andr\u00e9 e fica livre no mercado","link":"https:\/\/www.futebolinterior.com.br\/juraci-caetano-deixa-o-santo-andre\/","chapeu":"DE SA\u00cdDA","data":"16\/07\/2025","imagem":"https:\/\/images.futebolinterior.com.br\/2025\/07\/ofXUGXzb-image-300x251.webp","resumo":"Juraci Catarino, antes do Santo Andr\u00e9, j\u00e1 havia trabalhado por mais duas d\u00e9cadas no Rio Branco de Americana, tendo exercido as mais diferentes fun\u00e7\u00f5es"},"2313488":{"titulo":"XV de Piracicaba anuncia venda de ingresso para partida contra o S\u00e3o Bento","link":"https:\/\/www.futebolinterior.com.br\/xv-de-piracicaba-ingressos-sao-bento\/","chapeu":"GARANTE O SEU","data":"16\/07\/2025","imagem":"https:\/\/images.futebolinterior.com.br\/2025\/07\/WlvAKTeL-image-300x232.webp","resumo":"As vendas para o torcedor quinzista passar\u00e3o para as bilheterias 1, 2 e 6 a partir das 17h30 de sexta-feira, funcionando at\u00e9 \u00e0s 20h45"},"2313472":{"titulo":"Fausto v\u00ea melhora, mas admite press\u00e3o no Paulista","link":"https:\/\/www.futebolinterior.com.br\/fausto-ve-melhora-mas-admite-pressao-no-paulista\/","chapeu":"PASSO","data":"16\/07\/2025","imagem":"https:\/\/images.futebolinterior.com.br\/2025\/07\/IMG_2058-300x200.webp","resumo":""}}