{"2314972":{"titulo":"Copa Paulista: Ex-t\u00e9cnico da Itapirense expressa gratid\u00e3o ap\u00f3s sa\u00edda","link":"https:\/\/www.futebolinterior.com.br\/tecnico-deixa-itapirense-copa-paulista\/","chapeu":"DESPEDIDA","data":"18\/07\/2025","imagem":"https:\/\/images.futebolinterior.com.br\/2025\/07\/cNGDZrgW-image-300x233.webp","resumo":"Aos 46 anos, Sales comandou a equipe em 12 partidas na temporada, sendo cinco como treinador principal e sete como auxiliar t\u00e9cnico"},"2314897":{"titulo":"Itapirense x Uni\u00e3o S\u00e3o Jo\u00e3o - Onde assistir, hor\u00e1rio e escala\u00e7\u00f5es!","link":"https:\/\/www.futebolinterior.com.br\/itapirense-x-uniao-sao-joao-onde-assistir-horario-e-escalacoes\/","chapeu":"DUELO","data":"18\/07\/2025","imagem":"https:\/\/images.futebolinterior.com.br\/2025\/07\/IMG_2112-300x172.webp","resumo":""},"2314891":{"titulo":"Francana x Comercial - Onde assistir, hor\u00e1rio e escala\u00e7\u00f5es!","link":"https:\/\/www.futebolinterior.com.br\/francana-x-comercial-onde-assistir-horario-e-escalacoes\/","chapeu":"JOG\u00c3O ","data":"18\/07\/2025","imagem":"https:\/\/images.futebolinterior.com.br\/2025\/07\/IMG_2111-300x172.webp","resumo":""},"2314881":{"titulo":"Linense x Ara\u00e7atuba - Onde assistir, hor\u00e1rio e escala\u00e7\u00f5es!","link":"https:\/\/www.futebolinterior.com.br\/linense-x-aracatuba-onde-assistir-horario-e-escalacoes\/","chapeu":"DUELO","data":"18\/07\/2025","imagem":"https:\/\/images.futebolinterior.com.br\/2025\/07\/IMG_2110-300x200.webp","resumo":""},"2314354":{"titulo":"Treinador da Inter de Limeira elogia o elenco e projeta duelo contra equipe mineira","link":"https:\/\/www.futebolinterior.com.br\/tecnico-inter-de-limeira-copa-paulista-2\/","chapeu":"BOM MOMENTO","data":"17\/07\/2025","imagem":"https:\/\/images.futebolinterior.com.br\/2025\/07\/29A25i99-image-300x245.webp","resumo":"Neste s\u00e1bado (19 de julho), o time enfrenta o Uberl\u00e2ndia, no est\u00e1dio Parque do Sabi\u00e1, pela pen\u00faltima rodada"},"2314307":{"titulo":"XV de Piracicaba x S\u00e3o Bento - Duelo de l\u00edder e 4\u00ba colocado na Copa Paulista","link":"https:\/\/www.futebolinterior.com.br\/xv-de-piracicaba-sao-bento-copa-paulist\/","chapeu":"JOG\u00c3O","data":"17\/07\/2025","imagem":"https:\/\/images.futebolinterior.com.br\/2025\/07\/jaZPVlCR-image-300x229.webp","resumo":"O XV de Piracicaba soma tr\u00eas vit\u00f3rias e dois empates, com sete gols marcados e tr\u00eas sofridos, tendo um dos melhores aproveitamentos da competi\u00e7\u00e3o"},"2314279":{"titulo":"Zagueiro do Rio Branco deve ser emprestado para a sequ\u00eancia da temporada","link":"https:\/\/www.futebolinterior.com.br\/rio-branco-deve-emprestar-zagueiro\/","chapeu":"DE SA\u00cdDA","data":"17\/07\/2025","imagem":"https:\/\/images.futebolinterior.com.br\/2025\/07\/j1E1E9oz-image-300x136.webp","resumo":"Na rodada anterior, o Tigre foi derrotado por 1 a 0 pelo Guarani, no Brinco de Ouro, e atualmente ocupa a sexta posi\u00e7\u00e3o do Grupo 3, com apenas dois pontos conquistados"},"2314034":{"titulo":"Noroeste confirma duas novas contrata\u00e7\u00f5es para a fase final da Copa Paulista","link":"https:\/\/www.futebolinterior.com.br\/noroeste-anuncia-reforcos-copa-paulista\/","chapeu":"REFOR\u00c7OS","data":"17\/07\/2025","imagem":"https:\/\/images.futebolinterior.com.br\/2025\/07\/FnyizA0i-image-300x219.webp","resumo":"Vin\u00edcius Bala, de 27 anos, \u00e9 um velho conhecido da torcida do Norusca, e est\u00e1 em sua terceira passagem pelo clube. Ele j\u00e1 atuou em 74 jogos"},"2314024":{"titulo":"Atacante se machuca ao imitar Cristiano Ronaldo e pode desfalcar por 8 meses","link":"https:\/\/www.futebolinterior.com.br\/atacante-gremio-prudente-se-lesiona\/","chapeu":"INUSITADO","data":"17\/07\/2025","imagem":"https:\/\/images.futebolinterior.com.br\/2025\/07\/3VzlJJtm-image-300x236.webp","resumo":"Aos 30 minutos do segundo tempo, Kesley cobrou p\u00eanalti que foi defendido, mas aproveitou o rebote para empurrar para a rede"},"2313978":{"titulo":"Copa Paulista: Treinador acredita na rea\u00e7\u00e3o do Paulista \"Seguir trabalhando\"","link":"https:\/\/www.futebolinterior.com.br\/tecnico-paulista-fala-copa-paulista-2\/","chapeu":"FOCO TOTAL","data":"17\/07\/2025","imagem":"https:\/\/images.futebolinterior.com.br\/2025\/07\/DatTIrx1-image-300x238.webp","resumo":"Apesar do rev\u00e9s \u2014 o terceiro em cinco jogos \u2014, o t\u00e9cnico Fausto Dias enxergou pontos positivos na atua\u00e7\u00e3o da equipe e afirmou, em entrevista coletiva, que foi a melhor partida"}}