{"2317211":{"titulo":"COPA PAULISTA: Dois jogos agitam a quarta-feira","link":"https:\/\/www.futebolinterior.com.br\/copa-paulista-dois-jogos-agitam-a-quarta-feira\/","chapeu":"RODADA","data":"22\/07\/2025","imagem":"https:\/\/images.futebolinterior.com.br\/2025\/07\/IMG_2183-300x191.webp","resumo":""},"2317139":{"titulo":"Botafogo-SP x Inter de Limeira \u2013 Onde assistir e escala\u00e7\u00f5es","link":"https:\/\/www.futebolinterior.com.br\/botafogo-sp-x-inter-de-limeira-onde-assistir-e-escalacoes\/","chapeu":"JOG\u00c3O","data":"22\/07\/2025","imagem":"https:\/\/images.futebolinterior.com.br\/2025\/07\/IMG_2182-300x180.webp","resumo":""},"2317181":{"titulo":"Copa Paulista: Treinador do Paulista destaca vit\u00f3ria sobre o Guarani e entrada no G4","link":"https:\/\/www.futebolinterior.com.br\/tecnico-paulista-fala-copa-paulista-3\/","chapeu":"SUBINDO","data":"22\/07\/2025","imagem":"https:\/\/images.futebolinterior.com.br\/2025\/07\/Ill2mqUc-image-300x211.webp","resumo":"Sobre o pr\u00f3ximo compromisso, contra o S\u00e3o Bento, fora de casa, pela s\u00e9tima rodada, Fausto destacou a import\u00e2ncia de pontuar"},"2317170":{"titulo":"S\u00e9rie D: L\u00edder com 76% de aproveitamento, Inter de Limeira faz campanha memor\u00e1vel","link":"https:\/\/www.futebolinterior.com.br\/tecnico-inter-de-limeira-fala-serie-d-8\/","chapeu":"NINGU\u00c9M SEGURA","data":"22\/07\/2025","imagem":"https:\/\/images.futebolinterior.com.br\/2025\/07\/CHi0WQBz-image-300x206.webp","resumo":"Na Copa Paulista, a Inter ocupa a terceira coloca\u00e7\u00e3o do Grupo 2, com oito pontos em cinco jogos \u2014 duas vit\u00f3rias, dois empates e uma derrota"},"2317160":{"titulo":"Treinador do XV de Piracicaba enaltece equipe em jogo 'at\u00edpico' e celebra grande vit\u00f3ria","link":"https:\/\/www.futebolinterior.com.br\/treinador-xv-de-piracicaba-copa\/","chapeu":"BOA PARTIDA","data":"22\/07\/2025","imagem":"https:\/\/images.futebolinterior.com.br\/2025\/07\/8cKKNYMS-image-300x246.webp","resumo":"Com o resultado, o XV se mant\u00e9m na lideran\u00e7a isolada do Grupo 3 e est\u00e1 muito pr\u00f3ximo de garantir a vaga para a segunda fase"},"2317141":{"titulo":"Copa Paulista: T\u00e9cnico do Taubat\u00e9 avalia derrota no cl\u00e1ssico","link":"https:\/\/www.futebolinterior.com.br\/tecnico-taubate-fala-copa-paulista-2\/","chapeu":"N\u00c3O GOSTOU","data":"22\/07\/2025","imagem":"https:\/\/images.futebolinterior.com.br\/2025\/07\/XM2GLvE7-image-300x196.webp","resumo":"O t\u00e9cnico tamb\u00e9m comentou as altera\u00e7\u00f5es feitas na etapa final, destacando que as condi\u00e7\u00f5es do campo influenciaram no ritmo do jogo e nas estrat\u00e9gias"},"2317131":{"titulo":"Copa Paulista: T\u00e9cnico do Primavera destaca dom\u00ednio na vit\u00f3ria sobre o Rio Branco","link":"https:\/\/www.futebolinterior.com.br\/tecnico-primavera-fala-copa-paulista\/","chapeu":"APROVOU","data":"22\/07\/2025","imagem":"https:\/\/images.futebolinterior.com.br\/2025\/07\/image-300x249.webp","resumo":"Na s\u00e9tima rodada da Copa Paulista, o Primavera enfrentar\u00e1 o Guarani \"B\", no est\u00e1dio Brinco de Ouro da Princesa, em Campinas. O Bugre ocupa a quarta coloca\u00e7\u00e3o, com sete pontos"},"2317121":{"titulo":"Saiba quanto o XV de Piracicaba pode receber na nova transfer\u00eancia de Beraldo","link":"https:\/\/www.futebolinterior.com.br\/saiba-quanto-o-xv-de-piracicaba-pode-receber-na-nova-transferencia-de-beraldo\/","chapeu":"GRANA","data":"22\/07\/2025","imagem":"https:\/\/images.futebolinterior.com.br\/2025\/07\/IMG_2181-300x200.webp","resumo":""},"2317114":{"titulo":"Egert critica \u00e1rbitro ap\u00f3s vit\u00f3ria do XV sobre o S\u00e3o Bento","link":"https:\/\/www.futebolinterior.com.br\/egert-critica-arbitro-apos-vitoria-do-xv-sobre-o-sao-bento\/","chapeu":"ERRO","data":"22\/07\/2025","imagem":"https:\/\/images.futebolinterior.com.br\/2025\/07\/IMG_2180-300x212.webp","resumo":""},"2317111":{"titulo":"Roberval elogia estreia de Frank no Comercial","link":"https:\/\/www.futebolinterior.com.br\/roberval-elogia-estreia-de-frank-no-comercial\/","chapeu":"REFOR\u00c7O ","data":"22\/07\/2025","imagem":"https:\/\/images.futebolinterior.com.br\/2025\/07\/IMG_2179-300x200.webp","resumo":""}}