{"2317104":{"titulo":"Coelho assume culpa por rev\u00e9s e projeta rea\u00e7\u00e3o do S\u00e3o Bento","link":"https:\/\/www.futebolinterior.com.br\/coelho-assume-culpa-por-reves-e-projeta-reacao-do-sao-bento\/","chapeu":"EXPLICADO","data":"22\/07\/2025","imagem":"https:\/\/images.futebolinterior.com.br\/2025\/07\/IMG_2178-300x154.webp","resumo":""},"2317100":{"titulo":"Fausto Dias celebra vit\u00f3ria e v\u00ea Paulista em retomada","link":"https:\/\/www.futebolinterior.com.br\/fausto-dias-celebra-vitoria-e-ve-paulista-em-retomada\/","chapeu":"EVOLU\u00c7\u00c3O ","data":"22\/07\/2025","imagem":"https:\/\/images.futebolinterior.com.br\/2025\/07\/IMG_2177-300x208.webp","resumo":""},"2317045":{"titulo":"Monte Azul deixa o Brasileiro para tr\u00e1s e foca 100% na Copa Paulista","link":"https:\/\/www.futebolinterior.com.br\/monte-azul-agora-foca-copa-paulista\/","chapeu":"MUDAN\u00c7A DE CHAVE","data":"22\/07\/2025","imagem":"https:\/\/images.futebolinterior.com.br\/2025\/07\/ca9gsfoA-image-300x179.webp","resumo":"Com isso, o foco do clube agora se volta integralmente para a Copa Paulista, onde o time faz uma boa campanha e mira o t\u00edtulo \u2014 e, com ele, o retorno a uma competi\u00e7\u00e3o nacional em 2025"},"2317039":{"titulo":"Copa Paulista: Ara\u00e7atuba abre venda de ingressos para partida contra o Monte Azul","link":"https:\/\/www.futebolinterior.com.br\/aracatuba-abre-venda-ingressos-copa\/","chapeu":"\u00c9 PARA LOTAR","data":"22\/07\/2025","imagem":"https:\/\/images.futebolinterior.com.br\/2025\/07\/rxZAT8UG-image-300x191.webp","resumo":"A diretoria do clube refor\u00e7a que a presen\u00e7a da torcida \u00e9 fundamental neste momento decisivo, n\u00e3o apenas como est\u00edmulo aos jogadores, mas como s\u00edmbolo do envolvimento da cidade"},"2317014":{"titulo":"Copa Paulista: Treinador do Rio Branco: \"Falta calma na hora de marcar os gols\"","link":"https:\/\/www.futebolinterior.com.br\/tecnico-rio-branco-fala-copa-paulista-5\/","chapeu":"PRECISA TER CALMA","data":"22\/07\/2025","imagem":"https:\/\/images.futebolinterior.com.br\/2025\/07\/tYJ8EpNL-image-300x170.webp","resumo":"Em entrevista coletiva ap\u00f3s o jogo, o t\u00e9cnico F\u00e1bio Toth lamentou o resultado e destacou que a equipe tem criado chances, mas falhado na hora de concluir"},"2317000":{"titulo":"Copa Paulista: T\u00e9cnico do S\u00e3o Bento lamenta derrota mesmo com um jogador a mais","link":"https:\/\/www.futebolinterior.com.br\/tecnico-sao-bento-avalia-copa-paulista-5\/","chapeu":"PRECISA MELHORAR","data":"22\/07\/2025","imagem":"https:\/\/images.futebolinterior.com.br\/2025\/07\/sWs5MGdG-image-300x236.webp","resumo":"A equipe de Sorocaba, que jogou boa parte da partida com um jogador a mais, permanece com seis pontos e v\u00ea o Paulista tomar sua posi\u00e7\u00e3o na zona de classifica\u00e7\u00e3o"},"2316981":{"titulo":"Atacante do Botafogo-SP retorna de empr\u00e9stimo ao Maric\u00e1-RJ","link":"https:\/\/www.futebolinterior.com.br\/atacante-do-botafogo-sp-retorna-de-emprestimo-ao-marica-rj\/","chapeu":"DE SA\u00cdDA!","data":"22\/07\/2025","imagem":"https:\/\/images.futebolinterior.com.br\/2025\/07\/whatsapp-image-2025-02-08-at-17.08.00.avif","resumo":"O atacante Pablo Thomaz n\u00e3o faz mais parte do elenco do\u00a0Botafogo-SP. A rescis\u00e3o de contrato foi publicada na tarde desta segunda-feira no Boletim Informativo Di\u00e1rio (BID) da CBF"},"2316936":{"titulo":"Copa Paulista: Treinador elogia a atua\u00e7\u00e3o do S\u00e3o Jos\u00e9 no cl\u00e1ssico contra o Taubat\u00e9","link":"https:\/\/www.futebolinterior.com.br\/tecnico-sao-jose-fala-copa-paulista\/","chapeu":"APROVADO","data":"22\/07\/2025","imagem":"https:\/\/images.futebolinterior.com.br\/2025\/07\/0O13fVuw-image-300x264.webp","resumo":"A \u00c1guia do Vale lidera com tranquilidade o Grupo 4, somando 16 pontos \u2014 seis a mais que a Portuguesa Santista, segunda colocada"},"2316479":{"titulo":"Thales Campanati\u00a0estreia com derrota pela Itapirense","link":"https:\/\/www.futebolinterior.com.br\/thales-campanati-estreia-com-derrota-pela-itapirense\/","chapeu":"TROCA","data":"21\/07\/2025","imagem":"https:\/\/images.futebolinterior.com.br\/2025\/07\/IMG_2149-300x216.webp","resumo":""},"2316468":{"titulo":"Marchiori valoriza controle do jogo em vit\u00f3ria do Primavera","link":"https:\/\/www.futebolinterior.com.br\/marchiori-valoriza-controle-do-jogo-em-vitoria-do-primavera\/","chapeu":"SATISFEITO","data":"21\/07\/2025","imagem":"https:\/\/images.futebolinterior.com.br\/2025\/07\/IMG_2148-300x173.webp","resumo":""}}