{"2318157":{"titulo":"COPA PAULISTA: Monte Azul assume lideran\u00e7a do Grupo 1; Inter de Limeira tamb\u00e9m vence","link":"https:\/\/www.futebolinterior.com.br\/copa-paulista-monte-azul-assume-lideranca-do-grupo-1-inter-de-limeira-tambem-vence\/","chapeu":"SUBINDO!","data":"23\/07\/2025","imagem":"https:\/\/images.futebolinterior.com.br\/2025\/07\/Captura-de-Tela-2025-07-23-as-22.11.35-300x221.webp","resumo":"O Placar Ao Vivo do Portal Futebol Interior acompanha todos os jogos da Copa Paulista "},"2318083":{"titulo":"Ara\u00e7atuba 0 x 1 Monte Azul - AMA \u00e9 efetivo e lidera Grupo 1","link":"https:\/\/www.futebolinterior.com.br\/aracatuba-0-x-1-monte-azul-ama-e-efetivo-e-lidera-grupo-1\/","chapeu":"VENCEU","data":"23\/07\/2025","imagem":"https:\/\/images.futebolinterior.com.br\/2025\/07\/47C6E1BA-A9BA-4D8D-BEB8-C4A1221219BB-300x178.webp","resumo":"O Monte Azul abriu a s\u00e9tima rodada da Copa Paulista vencendo o Ara\u00e7atuba no Est\u00e1dio Adhemar de Barros, por 1 a 0"},"2317871":{"titulo":"Botafogo 1 x 2 Inter de Limeira - Le\u00e3o supera Pantera e segue no G-4 do Grupo 2","link":"https:\/\/www.futebolinterior.com.br\/botafogo-1-x-2-inter-de-limeira-leao-supera-pantera-e-segue-no-g-4-do-grupo-2\/","chapeu":"LE\u00c3O","data":"23\/07\/2025","imagem":"https:\/\/images.futebolinterior.com.br\/2025\/07\/WhatsApp-Image-2025-07-23-at-15.56.27-300x200.webp","resumo":"Visitando o Botafogo no Est\u00e1dio Santa Cruz, em Ribeir\u00e3o Preto, a Inter de Limeira venceu por 2 a 1 nesta quarta-feira (23)"},"2317815":{"titulo":"Pereira assume como t\u00e9cnico interino do Noroeste","link":"https:\/\/www.futebolinterior.com.br\/pereira-assume-como-tecnico-interino-do-noroeste\/","chapeu":"COMANDO","data":"23\/07\/2025","imagem":"https:\/\/images.futebolinterior.com.br\/2025\/07\/IMG_2215-300x200.webp","resumo":""},"2317803":{"titulo":"Primavera negocia chegada de atacante do Cruzeiro","link":"https:\/\/www.futebolinterior.com.br\/primavera-negocia-chegada-de-atacante-do-cruzeiro\/","chapeu":"EXCLUSIVA","data":"23\/07\/2025","imagem":"https:\/\/images.futebolinterior.com.br\/2025\/07\/IMG_2202-300x169.webp","resumo":"Jogador est\u00e1 de sa\u00edda do Maring\u00e1 e deve ser repassado ao Primavera; neg\u00f3cio est\u00e1 em fase final"},"2317367":{"titulo":"Primavera realiza obras no Est\u00e1dio \u00cdtalo M\u00e1rio Limongi","link":"https:\/\/www.futebolinterior.com.br\/primavera-reforma-estadio-para-2026\/","chapeu":"MELHORIAS","data":"22\/07\/2025","imagem":"https:\/\/images.futebolinterior.com.br\/2025\/07\/estadio-primavera-300x169.webp","resumo":"Com isso, tornou-se necess\u00e1ria a realiza\u00e7\u00e3o de adapta\u00e7\u00f5es e melhorias no Est\u00e1dio \u00cdtalo M\u00e1rio Limongi, localizado na Vila Vitoria II, Indaiatuba (SP)"},"2317331":{"titulo":"Elenco do XV de Piracicaba treina antes de voltar a campo pela Copa Paulista","link":"https:\/\/www.futebolinterior.com.br\/xv-de-piracicaba-prepara-copa-paulista-2\/","chapeu":"PREPARA\u00c7\u00c3O","data":"22\/07\/2025","imagem":"https:\/\/images.futebolinterior.com.br\/2025\/07\/DnHY1l4M-image-300x232.webp","resumo":"O Alvinegro Piracicabano, neste momento, lidera o grupo 3 da competi\u00e7\u00e3o, com 14 pontos ganhos. Na sequ\u00eancia v\u00eam o Primavera, com 12; Paulista e Guarani, com sete; S\u00e3o Bento, com seis"},"2317322":{"titulo":"Copa Paulista: S\u00e3o Jos\u00e9 anuncia venda de ingressos para partida contra o S\u00e3o Caetano","link":"https:\/\/www.futebolinterior.com.br\/sao-jose-anuncia-venda-de-ingressos\/","chapeu":"LIBERADO","data":"22\/07\/2025","imagem":"https:\/\/images.futebolinterior.com.br\/2025\/07\/Hde1wpht-image-300x147.webp","resumo":"Nesta Copa Paulista, a faixa et\u00e1ria de gratuidade foi estendida para crian\u00e7as at\u00e9 11 anos, proporcionada por uma a\u00e7\u00e3o conjunta dos patrocinadores do clube"},"2317303":{"titulo":"Copa Paulista: Uni\u00e3o S\u00e3o Jo\u00e3o vence de virada e supera surto de virose","link":"https:\/\/www.futebolinterior.com.br\/tecnico-uniao-sao-joao-copa-paulista\/","chapeu":"PASSOU POR CIMA","data":"22\/07\/2025","imagem":"https:\/\/images.futebolinterior.com.br\/2025\/07\/2993NUkU-image-300x198.webp","resumo":"Segundo o diretor Marcos Campagnolo, o elenco lidou com um surto de virose na v\u00e9spera da partida, o que tornou o triunfo ainda mais simb\u00f3lico"},"2317225":{"titulo":"Ara\u00e7atuba x Monte Azul \u2013 Onde assistir, hor\u00e1rio e escala\u00e7\u00f5es","link":"https:\/\/www.futebolinterior.com.br\/aracatuba-x-monte-azul-onde-assistir-horario-e-escalacoes\/","chapeu":"JOG\u00c3O ","data":"22\/07\/2025","imagem":"https:\/\/images.futebolinterior.com.br\/2025\/07\/IMG_2184-300x152.webp","resumo":""}}