{"2321771":{"titulo":"COPA PAULISTA: Jogo \u00fanico entre Monte Azul x Linense abre a 8\u00aa rodada","link":"https:\/\/www.futebolinterior.com.br\/copa-paulista-jogo-unico-entre-monte-azul-x-linense-abre-a-8a-rodada\/","chapeu":"GRUPO 1","data":"29\/07\/2025","imagem":"https:\/\/images.futebolinterior.com.br\/2025\/07\/886a3bab-ffdb-46e7-bd55-55171b4aa83e-300x184.webp","resumo":"Nesta sexta-feira (1), ser\u00e3o realizadas mais tr\u00eas partidas e 8\u00aa rodada s\u00f3 ser\u00e1 encerrada na pr\u00f3xima quarta-feira (6)"},"2321608":{"titulo":"Monte Azul x Linense - AMA pode garantir a classifica\u00e7\u00e3o antecipada","link":"https:\/\/www.futebolinterior.com.br\/monte-azul-x-linense-ama-pode-garantir-a-classificacao-antecipada\/","chapeu":"COPA PAULISTA","data":"29\/07\/2025","imagem":"https:\/\/images.futebolinterior.com.br\/2025\/07\/59617f3b-bd1f-4afa-88de-e8e0fd57b439-300x185.webp","resumo":"Linense est\u00e1 invicto h\u00e1 duas rodadas (um empate e uma vit\u00f3ria), mas como visitante tem uma vit\u00f3ria em 10 jogos na temporada"},"2321665":{"titulo":"Copa Paulista: Rio Branco anuncia sa\u00edda do t\u00e9cnico F\u00e1bio Toth","link":"https:\/\/www.futebolinterior.com.br\/copa-paulista-rio-branco-anuncia-saida-do-tecnico-fabio-toth\/","chapeu":"CAIU!","data":"29\/07\/2025","imagem":"https:\/\/images.futebolinterior.com.br\/2025\/07\/49fc6167-0a3a-4ee8-835f-aa21683dd319-300x231.webp","resumo":"Restam tr\u00eas rodadas para o fim da 1\u00aa fase e o lanterna Rio Branco ainda tem chances de classifica\u00e7\u00e3o, mesmo na lanterna do grupo"},"2321678":{"titulo":"Cruzeiro reativa v\u00ednculo e negocia Fernando com o Primavera","link":"https:\/\/www.futebolinterior.com.br\/cruzeiro-negocia-emprestimo-fernando-primavera-copa-paulista-2025\/","chapeu":"NEGOCIANDO","data":"29\/07\/2025","imagem":"https:\/\/images.futebolinterior.com.br\/2025\/07\/Screenshot_34-300x203.webp","resumo":"Atacante Fernando, de 20 anos, deve ser emprestado pelo Cruzeiro ao Primavera para disputar Copa Paulista."},"2321666":{"titulo":"Rio Branco anuncia sa\u00edda do atacante Pedrinho","link":"https:\/\/www.futebolinterior.com.br\/rio-branco-anuncia-saida-do-atacante-pedrinho\/","chapeu":"SA\u00cdDA ","data":"29\/07\/2025","imagem":"https:\/\/images.futebolinterior.com.br\/2025\/07\/IMG_2360-300x170.webp","resumo":""},"2321654":{"titulo":"Nathan Palafoz estreia com dois gols em vit\u00f3ria do Oeste","link":"https:\/\/www.futebolinterior.com.br\/nathan-palafoz-estreia-com-dois-gols-em-vitoria-do-oeste\/","chapeu":"ILUMINADO ","data":"29\/07\/2025","imagem":"https:\/\/images.futebolinterior.com.br\/2025\/07\/IMG_2363-300x155.webp","resumo":""},"2321597":{"titulo":"Copa Paulista: T\u00e9cnico do Gr\u00eamio Prudente enaltece vit\u00f3ria contra o Noroeste","link":"https:\/\/www.futebolinterior.com.br\/tecnico-gremio-prudente-copa-paulista-2\/","chapeu":"VOANDO ","data":"29\/07\/2025","imagem":"https:\/\/images.futebolinterior.com.br\/2025\/07\/QB8dZREZ-image-300x236.webp","resumo":"Mesmo com a classifica\u00e7\u00e3o praticamente garantida, Corr\u00eaa refor\u00e7ou que o time n\u00e3o vai diminuir o ritmo"},"2321573":{"titulo":"Copa Paulista: Treinador do Noroeste reconhece superioridade do Gr\u00eamio Prudente","link":"https:\/\/www.futebolinterior.com.br\/tecnico-noroeste-fala-copa-paulista-2\/","chapeu":"PRECISA MELHORAR","data":"29\/07\/2025","imagem":"https:\/\/images.futebolinterior.com.br\/2025\/07\/wiUFqFeo-image-300x205.webp","resumo":"No jogo em Prudente, o comandante interino Pereira contou com as estreias do atacante Vin\u00edcius Bala, do lateral Wesley Silva e do zagueiro Wellington Silva, que retornou de les\u00e3o"},"2321568":{"titulo":"Ap\u00f3s queda na S\u00e9rie D, Monte Azul volta aten\u00e7\u00f5es para a Copa Paulista","link":"https:\/\/www.futebolinterior.com.br\/monte-azul-agora-foca-copa-paulista-2\/","chapeu":"FOCO TOTAL","data":"29\/07\/2025","imagem":"https:\/\/images.futebolinterior.com.br\/2025\/07\/INx46K41-image-300x197.webp","resumo":"Monte Azul e Linense se enfrentam nesta quarta-feira (30), \u00e0s 15h, no est\u00e1dio Otac\u00edlia Patr\u00edcio Arroyo, em Monte Azul Paulista"},"2321554":{"titulo":"Invicto h\u00e1 16 jogos, Fernando Marchiori leva o Primavera \u00e0 classifica\u00e7\u00e3o na Copa Paulista","link":"https:\/\/www.futebolinterior.com.br\/tecnico-primavera-fala-copa-paulista-2\/","chapeu":"GARANTIDO","data":"29\/07\/2025","imagem":"https:\/\/images.futebolinterior.com.br\/2025\/07\/8bLRywL2-image-300x239.webp","resumo":"Na vit\u00f3ria diante do Guarani, o t\u00e9cnico Fernando Marchiori atingiu a marca de 38 jogos no comando do Primavera, somando as temporadas de 2024 e 2025"}}