{"2322349":{"titulo":"Presidente do Atl\u00e9tico-MG critica \u00e1rbitro para duelo com Flamengo","link":"https:\/\/www.futebolinterior.com.br\/presidente-atletico-mg-critica-arbitro-flamengo-copa-do-brasil-oitavas\/","chapeu":"PREOCUPADO","data":"30\/07\/2025","imagem":"https:\/\/images.futebolinterior.com.br\/2025\/07\/Screenshot_64-300x169.webp","resumo":"Presidente do Atl\u00e9tico-MG demonstra insatisfa\u00e7\u00e3o com escolha de Raphael Claus para jogo das oitavas da Copa do Brasil contra o Flamengo."},"2322336":{"titulo":"Theo Lanza refor\u00e7a o Guarani na Copa Paulista","link":"https:\/\/www.futebolinterior.com.br\/theo-lanza-reforca-o-guarani-na-copa-paulista\/","chapeu":"RETORNO","data":"30\/07\/2025","imagem":"https:\/\/images.futebolinterior.com.br\/2025\/07\/IMG_2415-300x200.webp","resumo":""},"2322324":{"titulo":"Rio Branco busca novo t\u00e9cnico ap\u00f3s sa\u00edda de F\u00e1bio Toth","link":"https:\/\/www.futebolinterior.com.br\/rio-branco-busca-novo-tecnico-apos-saida-de-fabio-toth\/","chapeu":"REPOSI\u00c7\u00c3O ","data":"30\/07\/2025","imagem":"https:\/\/images.futebolinterior.com.br\/2025\/07\/IMG_2413-300x174.webp","resumo":""},"2322287":{"titulo":"Copa Paulista: T\u00e9cnico do Mar\u00edlia para 2026, Ricardo Costa \u00e9 sondado pelo Rio Branco","link":"https:\/\/www.futebolinterior.com.br\/copa-paulista-tecnico-do-marilia-para-2026-ricardo-costa-e-sondado-pelo-rio-branco\/","chapeu":"SER\u00c1?","data":"30\/07\/2025","imagem":"https:\/\/images.futebolinterior.com.br\/2025\/07\/mac_Easy-Resize.com_-300x200.webp","resumo":"Ricardo Costa negou sondagem, mas confirmou que ap\u00f3s o Paulist\u00e3o S\u00e9rie A3, chegou a conversar com a diretoria do Rio Branco"},"2322154":{"titulo":"Noroeste oficializa t\u00e9cnico campe\u00e3o da A2 de olho no Paulist\u00e3o 2026","link":"https:\/\/www.futebolinterior.com.br\/copa-paulista-noroeste-anuncia-novo-treinador-identificado-com-o-rival\/","chapeu":"OLHA S\u00d3!","data":"30\/07\/2025","imagem":"https:\/\/images.futebolinterior.com.br\/2025\/07\/Imagem-do-WhatsApp-de-2025-07-30-as-11.01.54_a0daa50f-300x198.webp","resumo":"Guilherme Alves \u00e9 o 3\u00ba t\u00e9cnico com mais jogos na hist\u00f3ria do Mar\u00edlia: 151 partidas; ele nasceu, mora na cidade e iniciou a carreira como atleta"},"2322135":{"titulo":"Com les\u00e3o no joelho, atacante do S\u00e3o Bento n\u00e3o joga mais a Copa Paulista","link":"https:\/\/www.futebolinterior.com.br\/com-lesao-no-joelho-atacante-do-sao-bento-nao-deve-jogar-mais-em-2025\/","chapeu":"MENISCO","data":"30\/07\/2025","imagem":"https:\/\/images.futebolinterior.com.br\/2025\/07\/Imagem-do-WhatsApp-de-2025-07-30-as-09.45.54_75366f19-300x215.webp","resumo":"De acordo com a nota do clube, atacante passar\u00e1 por cirurgia em breve, para a corre\u00e7\u00e3o da les\u00e3o"},"2321812":{"titulo":"PLACAR FI: OITAVAS da COPA DO BRASIL. Confira resultados de TER\u00c7A-FEIRA","link":"https:\/\/www.futebolinterior.com.br\/placar-fi-oitavas-da-copa-do-brasil-confira-resultados-de-terca-feira\/","chapeu":"PLACAR FI","data":"29\/07\/2025","imagem":"https:\/\/images.futebolinterior.com.br\/2025\/07\/2663-19653-300x200.webp","resumo":"O Portal Futebol Interior traz o PLACAR FI com todos os resultados desta ter\u00e7a-feira (29)"},"2321955":{"titulo":"Inter de Limeira 1 x 1 Francana - Tudo igual em Limeira!","link":"https:\/\/www.futebolinterior.com.br\/inter-de-limeira-1-x-1-francana-tudo-igual-em-limeira\/","chapeu":"INTER","data":"29\/07\/2025","imagem":"https:\/\/images.futebolinterior.com.br\/2025\/07\/imagem_2025-07-29_210133812-300x205.webp","resumo":"Inter de Limeira e Francana ficaram apenas no empate durante a noite desta ter\u00e7a-feira (29), no Major Jos\u00e9 Levy Sobrinho, por 1 a 1"},"2321937":{"titulo":"Paulista antecipa jogo contra o Rio Branco na Copa Paulista","link":"https:\/\/www.futebolinterior.com.br\/paulista-altera-horario-jogo-rio-branco\/","chapeu":"MUDAN\u00c7AS","data":"29\/07\/2025","imagem":"https:\/\/images.futebolinterior.com.br\/2025\/07\/7RTQbN4U-image-300x211.webp","resumo":"Os valores s\u00e3o os mesmos de toda a competi\u00e7\u00e3o: entre R$ 15 (arquibancada meia-entrada) e R$ 50 (cadeira inteira)"},"2321804":{"titulo":"Uni\u00e3o S\u00e3o Jo\u00e3o x Botafogo-SP \u2013 Onde assistir, hor\u00e1rio e escala\u00e7\u00f5es!","link":"https:\/\/www.futebolinterior.com.br\/uniao-sao-joao-x-botafogo-sp-onde-assistir-horario-e-escalacoes\/","chapeu":"JOG\u00c3O ","data":"29\/07\/2025","imagem":"https:\/\/images.futebolinterior.com.br\/2025\/07\/IMG_2384-300x200.webp","resumo":""}}