{"2321514":{"titulo":"Treinador do XV de Piracicaba elogia postura da equipe na Copa Paulista","link":"https:\/\/www.futebolinterior.com.br\/tecnico-xv-de-piracicaba-copa-paulista-2\/","chapeu":"NA LIDERAN\u00c7A","data":"29\/07\/2025","imagem":"https:\/\/images.futebolinterior.com.br\/2025\/07\/9EORmJL0-image-300x279.webp","resumo":"Por fim, Egert ressaltou que, mesmo com a boa campanha, o foco da equipe precisa ser jogo a jogo"},"2321442":{"titulo":"No \u00faltimo dia de inscri\u00e7\u00e3o, Linense rescindiu com atacante e contratou outro","link":"https:\/\/www.futebolinterior.com.br\/no-ultimo-dia-de-inscricao-linense-rescindiu-com-atacante-e-contratou-outro\/","chapeu":"COPA PAULISTA","data":"29\/07\/2025","imagem":"https:\/\/images.futebolinterior.com.br\/2025\/07\/Imagem-do-WhatsApp-de-2025-07-29-as-09.50.48_6c971fc0-300x202.webp","resumo":"Cau\u00ea Caruzo estava no Linense desde o in\u00edcio desta temporada e em 18 jogos realizados, anotou apenas tr\u00eas gols"},"2321257":{"titulo":"Guarani 0 x 3 Primavera - Fantasma bate Bugre no Brinco e fica perto da vaga","link":"https:\/\/www.futebolinterior.com.br\/guarani-0-x-3-primavera-copa-paulista\/","chapeu":"ATROPELOU","data":"28\/07\/2025","imagem":"https:\/\/images.futebolinterior.com.br\/2025\/07\/Screenshot-2025-07-28-at-21-30-38-3-Instagram-300x272.webp","resumo":"Primavera vence Guarani por 3 a 0 em Campinas, alcan\u00e7a lideran\u00e7a do Grupo A3 e amplia vantagem na Copa Paulista"},"2321294":{"titulo":"Oeste 3 x 1 Portuguesa Santista - Vit\u00f3ria importante na Copa Paulista","link":"https:\/\/www.futebolinterior.com.br\/oeste-3-x-1-portuguesa-santista\/","chapeu":"JOG\u00c3O","data":"28\/07\/2025","imagem":"https:\/\/images.futebolinterior.com.br\/2025\/07\/SaveClip.App_525869265_18370778137176711_8030178189605673718_n-300x200.webp","resumo":"O Oeste conquistou uma vit\u00f3ria importante na noite desta segunda-feira"},"2321286":{"titulo":"COPA PAULISTA: Primavera bate Guarani e segue invicto; Oeste se recupera","link":"https:\/\/www.futebolinterior.com.br\/copa-paulista-primavera-oeste-vencem\/","chapeu":"RESUM\u00c3O","data":"28\/07\/2025","imagem":"https:\/\/images.futebolinterior.com.br\/2025\/07\/Guarani-Primavera-2025-300x172.webp","resumo":"Mais duas partidas deram sequ\u00eancia na disputa da s\u00e9tima rodada da primeira fase da Copa Paulista na noite desta segunda-feira (28)"},"2321191":{"titulo":"Inter de Limeira x Francana - Duelo do G4 vale a lideran\u00e7a para o mandante","link":"https:\/\/www.futebolinterior.com.br\/inter-de-limeira-x-francana-duelo-do-g4-vale-a-lideranca-para-o-mandante\/","chapeu":"COPA PAULISTA","data":"28\/07\/2025","imagem":"https:\/\/images.futebolinterior.com.br\/2025\/07\/b513ad72-80f9-496b-8a86-4b2690b89b0e-300x207.webp","resumo":"Francana vem de dois jogos sem derrota, mas na temporada tem apenas uma vit\u00f3ria em nove partidas como visitante"},"2321125":{"titulo":"S\u00e3o Bento efetiva Fabiano Carneiro como t\u00e9cnico","link":"https:\/\/www.futebolinterior.com.br\/sao-bento-efetiva-fabiano-carneiro-como-tecnico\/","chapeu":"TROCA","data":"28\/07\/2025","imagem":"https:\/\/images.futebolinterior.com.br\/2025\/07\/IMG_2357-300x157.webp","resumo":"Ap\u00f3s quatro jogos sem vencer, S\u00e3o Bento demite Coelho e aposta na continuidade de auxiliar da casa para buscar classifica\u00e7\u00e3o"},"2321071":{"titulo":"Davino exalta virada e equil\u00edbrio t\u00e1tico do Comercial","link":"https:\/\/www.futebolinterior.com.br\/davino-exalta-virada-e-equilibrio-tatico-do-comercial\/","chapeu":"CONTENTE","data":"28\/07\/2025","imagem":"https:\/\/images.futebolinterior.com.br\/2025\/07\/IMG_2353-300x169.webp","resumo":""},"2321059":{"titulo":"Noroeste anuncia Orlando J\u00fanior como refor\u00e7o","link":"https:\/\/www.futebolinterior.com.br\/noroeste-anuncia-orlando-junior-como-reforco\/","chapeu":"CONTRATADO","data":"28\/07\/2025","imagem":"https:\/\/images.futebolinterior.com.br\/2025\/07\/IMG_2351-300x189.webp","resumo":""},"2321053":{"titulo":"Toth lamenta empate do Rio Branco e fala em \u201ccapricho no \u00faltimo ter\u00e7o\u201d","link":"https:\/\/www.futebolinterior.com.br\/toth-lamenta-empate-do-rio-branco-e-fala-em-capricho-no-ultimo-terco\/","chapeu":"COLETIVA","data":"28\/07\/2025","imagem":"https:\/\/images.futebolinterior.com.br\/2025\/07\/IMG_2350-300x168.webp","resumo":""}}