{"2334790":{"titulo":"Eventos atrapalham prepara\u00e7\u00e3o do Comercial na Copa Paulista","link":"https:\/\/www.futebolinterior.com.br\/eventos-atrapalham-preparacao-do-comercial-na-copa-paulista\/","chapeu":"PROBLEMAS","data":"20\/08\/2025","imagem":"https:\/\/images.futebolinterior.com.br\/2025\/08\/IMG_2924-300x141.webp","resumo":""},"2334750":{"titulo":"Na Copa Paulista, Alex Alves projeta Portuguesa Santista firme contra o Oeste","link":"https:\/\/www.futebolinterior.com.br\/portuguesa-santista-oeste-oitavas-copa-paulista-2025-jogo-osasco\/","chapeu":" MATA-MATA","data":"20\/08\/2025","imagem":"https:\/\/images.futebolinterior.com.br\/2025\/08\/Screenshot_616-300x198.webp","resumo":"Portuguesa Santista enfrenta o Oeste em Osasco valendo vaga nas quartas da Copa Paulista 2025."},"2334758":{"titulo":"Meia Jonatha refor\u00e7a o Gr\u00eamio Prudente para as decis\u00f5es da Copa Paulista","link":"https:\/\/www.futebolinterior.com.br\/meia-fala-gremio-prudente-copa-paulista\/","chapeu":"REFOR\u00c7O","data":"20\/08\/2025","imagem":"https:\/\/images.futebolinterior.com.br\/2025\/08\/T8lOpwlV-image-300x228.webp","resumo":"A reuni\u00e3o do conselho arbitral que definiu as datas e os hor\u00e1rios dos jogos foi realizada nesta segunda-feira (18), na sede da Federa\u00e7\u00e3o Paulista de Futebol (FPF), em S\u00e3o Paulo"},"2334753":{"titulo":"Linense anuncia sa\u00edda em massa ap\u00f3s elimina\u00e7\u00e3o","link":"https:\/\/www.futebolinterior.com.br\/linense-anuncia-saida-em-massa-apos-eliminacao\/","chapeu":"LIMPA","data":"20\/08\/2025","imagem":"https:\/\/images.futebolinterior.com.br\/2025\/08\/IMG_2921-300x123.webp","resumo":""},"2334736":{"titulo":"Felipinho \u00e9 o novo refor\u00e7o do Noroeste para a Copa Paulista","link":"https:\/\/www.futebolinterior.com.br\/noroeste-anuncia-felipinho-reforco-oitavas-copa-paulista-2025\/","chapeu":"REFOR\u00c7O NOVO","data":"20\/08\/2025","imagem":"https:\/\/images.futebolinterior.com.br\/2025\/08\/Screenshot_614-300x149.webp","resumo":"Meia Felipinho, ex-\u00c1gua Santa, \u00e9 o novo refor\u00e7o do Noroeste para o mata-mata da Copa Paulista 2025."},"2334726":{"titulo":"Copa Paulista: Comercial deve ir com for\u00e7a m\u00e1xima no mata-mata","link":"https:\/\/www.futebolinterior.com.br\/comercial-forca-maxima-copa-paulista\/","chapeu":"ELENCO FORTE","data":"20\/08\/2025","imagem":"https:\/\/images.futebolinterior.com.br\/2025\/08\/7JhqmnLm-image-300x189.webp","resumo":"De acordo com o regulamento da competi\u00e7\u00e3o, os clubes t\u00eam at\u00e9 esta sexta-feira, 22 de agosto, para realizar at\u00e9 quatro altera\u00e7\u00f5es na Lista A de inscritos"},"2334695":{"titulo":"Gabriel Chiari sofre les\u00e3o grave e desfalca o Comercial na Copa Paulista","link":"https:\/\/www.futebolinterior.com.br\/gabriel-chiari-lesao-comercial-copa-paulista-desfalque-oitavas-final\/","chapeu":"DESFALQUE","data":"20\/08\/2025","imagem":"https:\/\/images.futebolinterior.com.br\/2025\/08\/Screenshot_613-300x127.webp","resumo":"Meia Gabriel Chiari, do Comercial, passa por cirurgia e desfalca equipe nas oitavas da Copa Paulista."},"2334632":{"titulo":"Ap\u00f3s classifica\u00e7\u00e3o, artilheiro do S\u00e3o Bento fala em t\u00edtulo da Copa Paulista","link":"https:\/\/www.futebolinterior.com.br\/atacante-sao-bento-fala-copa-paulista\/","chapeu":"HOMEM GOL","data":"20\/08\/2025","imagem":"https:\/\/images.futebolinterior.com.br\/2025\/08\/2pfJqg5N-image-300x174.webp","resumo":"Em rela\u00e7\u00e3o \u00e0 futura SAF do S\u00e3o Bento, os conselheiros do clube aguardam o envio das propostas completas para an\u00e1lise. At\u00e9 o momento, duas pr\u00e9-propostas foram apresentadas"},"2334609":{"titulo":"Ara\u00e7atuba faz hist\u00f3ria e vai ao mata-mata da Copa Paulista; Ingressos j\u00e1 est\u00e3o \u00e0 venda","link":"https:\/\/www.futebolinterior.com.br\/aracatuba-se-classifica-copa-paulista\/","chapeu":"\u00c9 DECIS\u00c3O","data":"20\/08\/2025","imagem":"https:\/\/images.futebolinterior.com.br\/2025\/08\/AcQ37ihp-image-300x216.webp","resumo":"Pela primeira vez, a equipe avan\u00e7ou para uma fase eliminat\u00f3ria do torneio estadual, superando advers\u00e1rios de maior tradi\u00e7\u00e3o e estrutura"},"2334569":{"titulo":"Copa Paulista: Vaguinho Santos comemora classifica\u00e7\u00e3o improv\u00e1vel do Ara\u00e7atuba","link":"https:\/\/www.futebolinterior.com.br\/vaguinho-santos-classificacao-aracatuba\/","chapeu":"BEM DEMAIS","data":"20\/08\/2025","imagem":"https:\/\/images.futebolinterior.com.br\/2025\/08\/WhatsApp-Image-2025-08-20-at-08.32.37-300x178.webp","resumo":"Dos oito times que est\u00e3o na segunda fase da Copa Paulista, o Ara\u00e7atuba \u00e9 a equipe de menor or\u00e7amento"}}