{"2335376":{"titulo":"Paulista acerta trio de refor\u00e7os para o mata-mata da Copa Paulista","link":"https:\/\/www.futebolinterior.com.br\/paulista-acerta-trio-de-reforcos-para-o-mata-mata-da-copa-paulista\/","chapeu":"PACOT\u00c3O ","data":"21\/08\/2025","imagem":"https:\/\/images.futebolinterior.com.br\/2025\/08\/IMG_2962-300x161.webp","resumo":""},"2335258":{"titulo":"Copa Paulista: Diretoria da Francana espera Lanch\u00e3o lotado e lan\u00e7a campanha solid\u00e1ria","link":"https:\/\/www.futebolinterior.com.br\/diretoria-francana-promocao-copa-paulis\/","chapeu":"GARANTA O SEU","data":"21\/08\/2025","imagem":"https:\/\/images.futebolinterior.com.br\/2025\/08\/SYfPcO7h-image-300x232.webp","resumo":"O duelo contar\u00e1 com uma a\u00e7\u00e3o solid\u00e1ria dentro e fora de campo, em parceria com a Unimed Franca e a Associa\u00e7\u00e3o Atl\u00e9tica Francana, unidas pela solidariedade"},"2335232":{"titulo":"Copa Paulista: Meia da Portuguesa Santista projeta confrontos dif\u00edceis contra o Oeste","link":"https:\/\/www.futebolinterior.com.br\/meia-portuguesa-santista-fala-copa\/","chapeu":"PREPARA\u00c7\u00c3O","data":"21\/08\/2025","imagem":"https:\/\/images.futebolinterior.com.br\/2025\/08\/Z7Pqkaxx-image-300x258.webp","resumo":"A partida de volta entre Portuguesa Santista e Oeste est\u00e1 marcada para sexta-feira, 30 de agosto, \u00e0s 15h, no est\u00e1dio Ulrico Mursa, em Santos"},"2335222":{"titulo":"Ap\u00f3s 13 anos, Noroeste e Uni\u00e3o S\u00e3o Jo\u00e3o voltam a se enfrentar pela Copa Paulista","link":"https:\/\/www.futebolinterior.com.br\/noroeste-enfrenta-uniao-sao-joao-copa\/","chapeu":"REENCONTRO","data":"21\/08\/2025","imagem":"https:\/\/images.futebolinterior.com.br\/2025\/08\/rzuXhBQi-image-300x175.webp","resumo":"Com a expectativa de grande p\u00fablico, a diretoria refor\u00e7a o apelo \u00e0 torcida: que o Alfred\u00e3o volte a ser um fator decisivo a favor do Norusca"},"2335219":{"titulo":"Copa Paulista: FPF altera hor\u00e1rio de Primavera e Paulista no Mois\u00e9s Lucarelli","link":"https:\/\/www.futebolinterior.com.br\/fpf-muda-jogo-primavera-e-paulista\/","chapeu":"MUDAN\u00c7AS","data":"21\/08\/2025","imagem":"https:\/\/images.futebolinterior.com.br\/2025\/08\/oqLzVZnX-image-300x146.webp","resumo":"O confronto, antes marcado para a noite, ser\u00e1 disputado no domingo, 31 de agosto, \u00e0s 15h, no est\u00e1dio Mois\u00e9s Lucarelli, em Campinas"},"2334848":{"titulo":"Inter de Limeira vem se destacando na S\u00e9rie D e na Copa Paulista","link":"https:\/\/www.futebolinterior.com.br\/inter-de-limeira-bem-duas-competicoes\/","chapeu":"VOANDO","data":"20\/08\/2025","imagem":"https:\/\/images.futebolinterior.com.br\/2025\/08\/XFSA6wYv-image-300x188.webp","resumo":"A estreia na nova fase da Copa ser\u00e1 na ter\u00e7a-feira (27), \u00e0s 15h, no Est\u00e1dio Major Levy Sobrinho (Limeir\u00e3o), diante do Comercial de Ribeir\u00e3o Preto"},"2334828":{"titulo":"Copa Paulista: Gr\u00eamio Prudente tem que se impor como uma equipe que quer ser campe\u00e3","link":"https:\/\/www.futebolinterior.com.br\/gremio-prudente-na-copa-paulista\/","chapeu":"FALA, CRAQUE","data":"20\/08\/2025","imagem":"https:\/\/images.futebolinterior.com.br\/2025\/08\/2wsE0nfQ-image-300x241.webp","resumo":"Quem comentou sobre o momento do Carcar\u00e1 foi o zagueiro Alan Uch\u00f4a, em entrevista ao programa Esporte CBN Fronteira, de Presidente Prudente"},"2334819":{"titulo":"CBN Prudente soma 20 mil km e 200h de cobertura esportiva","link":"https:\/\/www.futebolinterior.com.br\/cbn-prudente-cobre-copa-paulista-carcar\/","chapeu":"TOCA FUTEBOL","data":"20\/08\/2025","imagem":"https:\/\/images.futebolinterior.com.br\/2025\/08\/6YW6LmF9-image-300x197.webp","resumo":"Ao todo, foram 51 transmiss\u00f5es de jogos pela\u00a0CBN Prudente\u00a0nos campeonatos paulistas das s\u00e9ries A3 e A2 e ainda nas edi\u00e7\u00f5es da Copa Paulista, que totalizaram 195 horas no ar"},"2334808":{"titulo":"Francana inicia prepara\u00e7\u00e3o para encarar o Monte Azul","link":"https:\/\/www.futebolinterior.com.br\/francana-inicia-preparacao-para-encarar-o-monte-azul\/","chapeu":"FOCO","data":"20\/08\/2025","imagem":"https:\/\/images.futebolinterior.com.br\/2025\/08\/IMG_2926-300x158.webp","resumo":""},"2334798":{"titulo":"S\u00e3o Jos\u00e9 intensifica treinos antes do mata-mata da Copa Paulista","link":"https:\/\/www.futebolinterior.com.br\/sao-jose-intensifica-treinos-antes-do-mata-mata-da-copa-paulista\/","chapeu":"FOCO","data":"20\/08\/2025","imagem":"https:\/\/images.futebolinterior.com.br\/2025\/08\/IMG_2925-300x142.webp","resumo":""}}