{"2334194":{"titulo":"Wendell Lessa desfalca Noroeste na ida das oitavas","link":"https:\/\/www.futebolinterior.com.br\/wendell-lessa-desfalca-noroeste-na-ida-das-oitavas\/","chapeu":"EXPULSO","data":"19\/08\/2025","imagem":"https:\/\/images.futebolinterior.com.br\/2025\/08\/IMG_2910-300x151.webp","resumo":""},"2334186":{"titulo":"Artilharia da Copa Paulista segue aberta ap\u00f3s 1\u00aa fase","link":"https:\/\/www.futebolinterior.com.br\/artilharia-da-copa-paulista-segue-aberta-apos-1a-fase\/","chapeu":"LISTA","data":"19\/08\/2025","imagem":"https:\/\/images.futebolinterior.com.br\/2025\/08\/IMG_2909-300x189.webp","resumo":""},"2334175":{"titulo":"Sendeski celebra gol e avalia passagem pelo Rio Branco","link":"https:\/\/www.futebolinterior.com.br\/sendeski-celebra-gol-e-avalia-passagem-pelo-rio-branco\/","chapeu":"DESTAQUE","data":"19\/08\/2025","imagem":"https:\/\/images.futebolinterior.com.br\/2025\/08\/IMG_2906-300x180.webp","resumo":""},"2334162":{"titulo":"Fabiano Carneiro exalta foco e confian\u00e7a do S\u00e3o Bento","link":"https:\/\/www.futebolinterior.com.br\/fabiano-carneiro-exalta-foco-e-confianca-do-sao-bento\/","chapeu":"CONFIANTE","data":"19\/08\/2025","imagem":"https:\/\/images.futebolinterior.com.br\/2025\/08\/IMG_2905-300x154.webp","resumo":""},"2333992":{"titulo":"Copa Paulista: Egert destaca a determina\u00e7\u00e3o do XV de Piracicaba para a segunda fase","link":"https:\/\/www.futebolinterior.com.br\/tecnico-xv-de-piracicaba-copa-paulista-4\/","chapeu":"FOCO TOTAL","data":"19\/08\/2025","imagem":"https:\/\/images.futebolinterior.com.br\/2025\/08\/image-300x262.webp","resumo":"Na ocasi\u00e3o, o Nh\u00f4 Quim venceu o Paulista por 1 a 0, chegou aos 24 pontos e garantiu a lideran\u00e7a geral da competi\u00e7\u00e3o"},"2333961":{"titulo":"T\u00e9cnico do Gr\u00eamio Prudente avalia momento e foca em ajustes para jogos decisivos","link":"https:\/\/www.futebolinterior.com.br\/tecnico-gremio-prudente-copa-paulista-3\/","chapeu":"PREPARA\u00c7\u00c3O","data":"19\/08\/2025","imagem":"https:\/\/images.futebolinterior.com.br\/2025\/08\/Y6aKqyMb-image-300x242.webp","resumo":"Ap\u00f3s a vit\u00f3ria por 2 a 1 sobre o Linense, na \u00faltima rodada da fase de grupos, o t\u00e9cnico Rog\u00e9rio Corr\u00eaa avaliou o desempenho da equipe"},"2333946":{"titulo":"Ara\u00e7atuba comemora estreia no mata-mata e espera casa cheia na Copa Paulista","link":"https:\/\/www.futebolinterior.com.br\/aracatuba-na-segunda-fase-copa-paulista\/","chapeu":"PREPARA\u00c7\u00c3O","data":"19\/08\/2025","imagem":"https:\/\/images.futebolinterior.com.br\/2025\/08\/RJQVBIfK-image-300x195.webp","resumo":"A venda de ingressos come\u00e7a nesta ter\u00e7a-feira (19\/08), com valores acess\u00edveis e a manuten\u00e7\u00e3o da promo\u00e7\u00e3o especial: todos os torcedores pagam meia-entrada"},"2333689":{"titulo":"Copa Paulista: T\u00e9cnico do S\u00e3o Bento celebra vaga na segunda fase","link":"https:\/\/www.futebolinterior.com.br\/tecnico-sao-bento-avalia-copa-paulista-8\/","chapeu":"NO SUFOCO","data":"18\/08\/2025","imagem":"https:\/\/images.futebolinterior.com.br\/2025\/08\/7gFqQ4S9-image-300x208.webp","resumo":"Fabiano contou um epis\u00f3dio curioso: a comiss\u00e3o t\u00e9cnica pediu para que o sistema de som do est\u00e1dio n\u00e3o anunciasse os gols do jogo entre Rio Branco e Guarani, em Americana"},"2333653":{"titulo":"SELE\u00c7\u00c3O FI da 10\u00aa rodada da Copa Paulista \u00e9 divulgada. Confira!","link":"https:\/\/www.futebolinterior.com.br\/confira-a-selecao-fi-10-rodada-copa-pau\/","chapeu":"OS CRAQUES","data":"18\/08\/2025","imagem":"https:\/\/images.futebolinterior.com.br\/2025\/08\/VYtCOa2v-image-300x213.webp","resumo":"Dos 22 times que iniciaram a primeira fase, 16 se classificaram \u2014 e voc\u00ea confere agora os 12 atletas que mais se destacaram ao fim da \u00faltima rodada"},"2333642":{"titulo":"Copa Paulista: Treinador do Noroeste comemora classifica\u00e7\u00e3o e projeta segunda fase","link":"https:\/\/www.futebolinterior.com.br\/tecnico-noroeste-fala-copa-paulista-3\/","chapeu":"CLASSIFICADO","data":"18\/08\/2025","imagem":"https:\/\/images.futebolinterior.com.br\/2025\/08\/Hc9ga7ye-image-300x181.webp","resumo":"A vit\u00f3ria sobre o Monte Azul teve um valor simb\u00f3lico extra: foi a primeira vez na temporada que o Noroeste conquistou duas vit\u00f3rias consecutivas"}}