{"2335970":{"titulo":"S\u00e3o Jos\u00e9 anuncia Bruno Cardoso para o mata-mata","link":"https:\/\/www.futebolinterior.com.br\/sao-jose-anuncia-bruno-cardoso-para-o-mata-mata\/","chapeu":"REFOR\u00c7O ","data":"22\/08\/2025","imagem":"https:\/\/images.futebolinterior.com.br\/2025\/08\/IMG_2995-300x158.webp","resumo":""},"2335958":{"titulo":"Rodrigo Carioca destaca entrosamento em chegada ao XV","link":"https:\/\/www.futebolinterior.com.br\/rodrigo-carioca-destaca-entrosamento-em-chegada-ao-xv\/","chapeu":"COLETIVA","data":"22\/08\/2025","imagem":"https:\/\/images.futebolinterior.com.br\/2025\/08\/IMG_2994-300x200.webp","resumo":""},"2335949":{"titulo":"COPA PAULISTA: Abertura de mata-mata com cl\u00e1ssicos e reencontros","link":"https:\/\/www.futebolinterior.com.br\/abertura-mata-mata-da-copa-paulista\/","chapeu":"DECIS\u00c3O ","data":"22\/08\/2025","imagem":"https:\/\/images.futebolinterior.com.br\/2025\/08\/74b09479-8787-4eb3-a0e8-3f120f190ad8-300x178.webp","resumo":"O primeiro destaque fica por conta do cl\u00e1ssico regional entre Paulista e Primavera, que ser\u00e1 disputado \u00e0s 10h, no Est\u00e1dio Jayme Cintra, em Jundia\u00ed"},"2335694":{"titulo":"S\u00e3o Jos\u00e9 prega respeito ao S\u00e3o Bento, mas busca bom resultado pela Copa Paulista","link":"https:\/\/www.futebolinterior.com.br\/tecnico-sao-jose-fala-copa-paulista-3\/","chapeu":"FOCO TOTAL","data":"21\/08\/2025","imagem":"https:\/\/images.futebolinterior.com.br\/2025\/08\/Jf8pt9JC-image-300x227.webp","resumo":"Marelli pregou respeito ao advers\u00e1rio de Sorocaba, mas deixou claro: o objetivo \u00e9 sair com um bom resultado no jogo de ida e decidir a classifica\u00e7\u00e3o em S\u00e3o Jos\u00e9 dos Campos"},"2335460":{"titulo":"Copa Paulista: Treinador do Uni\u00e3o S\u00e3o Jo\u00e3o quer time focado contra o Noroeste","link":"https:\/\/www.futebolinterior.com.br\/copa-paulista-treinador-do-uniao-sao-joao-quer-time-focado-contra-o-noroeste\/","chapeu":"DECIS\u00c3O","data":"21\/08\/2025","imagem":"https:\/\/images.futebolinterior.com.br\/2025\/08\/29N7xTIN-image-300x228.webp","resumo":"A equipe alviverde, comandada pelo t\u00e9cnico Danilo Sacramento, encerra os preparativos nesta sexta-feira, com foco nos detalhes. O objetivo \u00e9 fazer um bom jogo fora de casa"},"2335454":{"titulo":"Copa Paulista: Noroeste quer fazer valer o mando de campo contra o Uni\u00e3o S\u00e3o Jo\u00e3o","link":"https:\/\/www.futebolinterior.com.br\/noroeste-foca-em-jogo-da-copa-paulista\/","chapeu":"FOCO TOTAL","data":"21\/08\/2025","imagem":"https:\/\/images.futebolinterior.com.br\/2025\/08\/SEpRd1G3-image-300x174.webp","resumo":"Na v\u00e9spera da partida, o t\u00e9cnico Pereira concedeu entrevista coletiva e comentou sobre o confronto. Segundo ele, ser\u00e1 um jogo dif\u00edcil, diante de uma equipe aguerrida"},"2335448":{"titulo":"Copa Paulista: Ara\u00e7atuba respeita o XV, mas vai em busca da vit\u00f3ria no Adhemarz\u00e3o","link":"https:\/\/www.futebolinterior.com.br\/aracatuba-encara-xv-copa-paulista\/","chapeu":"PREPARA\u00c7\u00c3O","data":"21\/08\/2025","imagem":"https:\/\/images.futebolinterior.com.br\/2025\/08\/w5Z3S3Eb-image-300x222.webp","resumo":"Vaguinho ressaltou a import\u00e2ncia da aten\u00e7\u00e3o aos detalhes em um jogo deste porte, especialmente contra um advers\u00e1rio forte como o XV"},"2335432":{"titulo":"Copa Paulista: S\u00e3o Bento anuncia meia que conquistou acesso com o Tanabi","link":"https:\/\/www.futebolinterior.com.br\/sao-bento-contrata-meia-ex-tanabi\/","chapeu":"REFOR\u00c7O","data":"21\/08\/2025","imagem":"https:\/\/images.futebolinterior.com.br\/2025\/08\/wB8yONtB-image-300x216.webp","resumo":"O jogador, de 22 anos, atua como meia ofensivo e tamb\u00e9m pode jogar como lateral-esquerdo. Ele defendia o Tanabi Esporte Clube, equipe que conquistou o acesso"},"2335402":{"titulo":"Marelli v\u00ea 1\u00ba jogo como decisivo e S\u00e3o Jos\u00e9 anuncia refor\u00e7o","link":"https:\/\/www.futebolinterior.com.br\/marelli-ve-1o-jogo-como-decisivo-e-sao-jose-anuncia-reforco\/","chapeu":"FOCO","data":"21\/08\/2025","imagem":"https:\/\/images.futebolinterior.com.br\/2025\/08\/IMG_2966-300x199.webp","resumo":""},"2335391":{"titulo":"XV anuncia tr\u00eas refor\u00e7os para o mata-mata da Copa Paulista","link":"https:\/\/www.futebolinterior.com.br\/xv-anuncia-tres-reforcos-para-o-mata-mata-da-copa-paulista\/","chapeu":"PACOTE","data":"21\/08\/2025","imagem":"https:\/\/images.futebolinterior.com.br\/2025\/08\/IMG_2964-300x165.webp","resumo":""}}