{"2343771":{"titulo":"T\u00e9cnico do S\u00e3o Bento avalia campanha, lamenta elimina\u00e7\u00e3o e quer iniciar o planejamento para 2026","link":"https:\/\/www.futebolinterior.com.br\/tecnico-sao-bento-avalia-copa-paulista-10\/","chapeu":"FIM DA LINHA","data":"03\/09\/2025","imagem":"https:\/\/images.futebolinterior.com.br\/2025\/09\/image-300x274.webp","resumo":"Na Copa Paulista, ap\u00f3s um in\u00edcio dif\u00edcil, o clube trocou o treinador: saiu Dyego Coelho e entrou Fabiano Carneiro, que j\u00e1 havia comandado a equipe nas \u00faltimas partidas da S\u00e9rie A2"},"2343752":{"titulo":"Artilheiro do Primavera prev\u00ea dificuldades nas Quartas de Final da Copa Paulista","link":"https:\/\/www.futebolinterior.com.br\/atacante-primavera-fala-copa-paulista\/","chapeu":"PEDREIRA ","data":"03\/09\/2025","imagem":"https:\/\/images.futebolinterior.com.br\/2025\/09\/image-300x185.webp","resumo":"Segundo ele, a ideia n\u00e3o era recuar neste segundo jogo, mas continuar pressionando o Galo do Japi"},"2343496":{"titulo":"Oeste, XV de Piracicaba e Primavera dominam a SELE\u00c7\u00c3O FI da 2\u00aa rodada das Oitavas da Copa Paulista","link":"https:\/\/www.futebolinterior.com.br\/confira-a-selecao-fi-da-copa-paulista-2\/","chapeu":"S\u00d3 AS FERAS","data":"03\/09\/2025","imagem":"https:\/\/images.futebolinterior.com.br\/2025\/09\/image-300x179.webp","resumo":"A competi\u00e7\u00e3o organizada pela FPF tem cobertura completa do\u00a0Portal FUTEBOL INTERIOR. Os jogos podem ser acompanhados online no\u00a0PLACAR AO VIVO"},"2343609":{"titulo":"S\u00e3o Bento confirma perman\u00eancia de Vinicinho como primeiro refor\u00e7o para a S\u00e9rie A2","link":"https:\/\/www.futebolinterior.com.br\/sao-bento-confirma-permanencia-de-vinicinho-como-primeiro-reforco-para-a-serie-a2\/","chapeu":"RENOVOU","data":"03\/09\/2025","imagem":"https:\/\/images.futebolinterior.com.br\/2025\/09\/IMG_3332-300x158.webp","resumo":"Destaque no fim da temporada, Vinicinho \u00e9 o primeiro refor\u00e7o confirmado do S\u00e3o Bento para 2026."},"2343590":{"titulo":"Oeste perde Eliel e Kaik antes das quartas da Copa Paulista","link":"https:\/\/www.futebolinterior.com.br\/oeste-perde-eliel-e-kaik-antes-das-quartas-da-copa-paulista\/","chapeu":"BAIXA","data":"03\/09\/2025","imagem":"https:\/\/images.futebolinterior.com.br\/2025\/09\/IMG_3330-300x150.webp","resumo":""},"2343540":{"titulo":"Ap\u00f3s sa\u00edda do Linense, dupla jogar\u00e1 a Copa Santa Catarina","link":"https:\/\/www.futebolinterior.com.br\/apos-saida-do-linense-dupla-jogara-a-copa-santa-catarina\/","chapeu":"ACERTO","data":"03\/09\/2025","imagem":"https:\/\/images.futebolinterior.com.br\/2025\/09\/IMG_3329-300x133.webp","resumo":""},"2343530":{"titulo":"Cria do Nh\u00f4 Quim, Iago faz 1\u00ba gol e classifica o XV na Copa Paulista","link":"https:\/\/www.futebolinterior.com.br\/cria-do-nho-quim-iago-faz-1o-gol-e-classifica-o-xv-na-copa-paulista\/","chapeu":"DECISIVO","data":"03\/09\/2025","imagem":"https:\/\/images.futebolinterior.com.br\/2025\/09\/IMG_3328-300x137.webp","resumo":""},"2343488":{"titulo":"T\u00e9cnico do XV de Piracicaba entende o que \u00e9 o \"mata-mata\"","link":"https:\/\/www.futebolinterior.com.br\/tecnico-xv-de-piracicaba-copa-paulista-6\/","chapeu":"MANDOU BEM","data":"03\/09\/2025","imagem":"https:\/\/images.futebolinterior.com.br\/2025\/09\/image-300x160.webp","resumo":"O t\u00e9cnico tamb\u00e9m comentou sobre as diferentes fases nos confrontos com o Ara\u00e7atuba"},"2343463":{"titulo":"Presidente do Taubat\u00e9 faz balan\u00e7o e deixa o cargo ap\u00f3s tr\u00eas anos","link":"https:\/\/www.futebolinterior.com.br\/presidente-pede-saida-do-taubate\/","chapeu":"DE SA\u00cdDA","data":"03\/09\/2025","imagem":"https:\/\/images.futebolinterior.com.br\/2025\/09\/image-300x216.webp","resumo":"Em seu discurso de despedida, ele destacou os desafios enfrentados, as conquistas alcan\u00e7adas e reafirmou seu v\u00ednculo afetivo com o Burro da Central"},"2343425":{"titulo":"Oitavas da Copa Paulista refor\u00e7am for\u00e7a dos mandantes e mant\u00eam tradi\u00e7\u00e3o da competi\u00e7\u00e3o","link":"https:\/\/www.futebolinterior.com.br\/oitavas-da-copa-paulista-reforcam-forca-dos-mandantes-e-mantem-tradicao-da-competicao\/","chapeu":"ENTENDA!","data":"03\/09\/2025","imagem":"https:\/\/images.futebolinterior.com.br\/2025\/09\/Captura-de-Tela-2025-09-03-as-13.53.38-300x207.webp","resumo":"O regulamento da competi\u00e7\u00e3o adiciona um ingrediente estrat\u00e9gico \u00e0s quartas de final."}}