{"2343412":{"titulo":"Copa Paulista: Fernando Marchiori elogia atua\u00e7\u00e3o do Primavera diante do Paulista","link":"https:\/\/www.futebolinterior.com.br\/tecnico-primavera-fala-copa-paulista-6\/","chapeu":"BOM MOMENTO","data":"03\/09\/2025","imagem":"https:\/\/images.futebolinterior.com.br\/2025\/09\/image-300x193.webp","resumo":"O Primavera vive a melhor fase dos seus 98 anos de hist\u00f3ria. No primeiro semestre, alcan\u00e7ou o primeiro acesso \u00e0 elite do futebol paulista e agora faz a melhor campanha do clube "},"2343399":{"titulo":"FPF confirma datas e hor\u00e1rios das quartas de final da Copa Paulista","link":"https:\/\/www.futebolinterior.com.br\/confira-duelos-da-copa-paulista-2025\/","chapeu":"AGENDA!","data":"03\/09\/2025","imagem":"https:\/\/images.futebolinterior.com.br\/2025\/09\/image-300x213.webp","resumo":"Os detalhes foram definidos em conselho t\u00e9cnico realizado na manh\u00e3 desta quarta-feira (3) no Edif\u00edcio Pel\u00e9, sede da Federa\u00e7\u00e3o Paulista de Futebol"},"2343357":{"titulo":"Copa Paulista: Atacante comemora gols decisivos pela Francana","link":"https:\/\/www.futebolinterior.com.br\/atacante-fala-classificacao-da-francana\/","chapeu":"HOMEM GOL","data":"03\/09\/2025","imagem":"https:\/\/images.futebolinterior.com.br\/2025\/09\/image-300x180.webp","resumo":"A Francana enfrentar\u00e1 o Gr\u00eamio Prudente nas quartas de final, com o primeiro jogo em Franca e o segundo em Presidente Prudente"},"2343366":{"titulo":"Em clima de despedida? T\u00e9cnico do Paulista lamenta elimina\u00e7\u00e3o e projeta S\u00e9rie A3","link":"https:\/\/www.futebolinterior.com.br\/tecnico-paulista-fala-copa-paulista-5\/","chapeu":"VAI OU FICA?","data":"03\/09\/2025","imagem":"https:\/\/images.futebolinterior.com.br\/2025\/09\/image-300x223.webp","resumo":"O resultado no jogo de volta das oitavas de final apagou a vantagem conquistada no primeiro confronto, quando o Galo venceu por 1 a 0 em Jundia\u00ed"},"2343352":{"titulo":"Copa Paulista: T\u00e9cnico do S\u00e3o Jos\u00e9 comemora classifica\u00e7\u00e3o suada \u00e0s quartas de final","link":"https:\/\/www.futebolinterior.com.br\/tecnico-sao-jose-fala-copa-paulista-5\/","chapeu":"CLASSIFICADO","data":"03\/09\/2025","imagem":"https:\/\/images.futebolinterior.com.br\/2025\/09\/ErpWHQas-image-300x186.webp","resumo":"O treinador tamb\u00e9m comentou sobre a tens\u00e3o da disputa por p\u00eanaltis"},"2343138":{"titulo":"Comercial 1 (4) x (2) 0 Inter de Limeira - Bafo avan\u00e7a na Copa Paulista","link":"https:\/\/www.futebolinterior.com.br\/comercial-1-4-x-2-0-inter-de-limeira-bafo-avanca-na-copa-paulista\/","chapeu":"CLASSIFICADO!","data":"02\/09\/2025","imagem":"https:\/\/images.futebolinterior.com.br\/2025\/09\/Comercial-Inter-Raul-Ramos-CFC-300x200.webp","resumo":"O gol da vit\u00f3ria do Comercial saiu logo no in\u00edcio da partida, com Cristopher aproveitando sobra na pequena \u00e1rea para finalizar rasteiro"},"2343252":{"titulo":"Quartas de final da Copa Paulista t\u00eam cl\u00e1ssicos regionais e reencontros ap\u00f3s defini\u00e7\u00e3o dos classificados","link":"https:\/\/www.futebolinterior.com.br\/quartas-de-final-da-copa-paulista-tem-classicos-regionais-e-reencontros-apos-definicao-dos-classificados\/","chapeu":"CONFIRA!","data":"02\/09\/2025","imagem":"https:\/\/images.futebolinterior.com.br\/2025\/09\/Captura-de-Tela-2025-09-02-as-22.16.25-300x178.webp","resumo":"O Placar Ao Vivo do Portal Futebol Interior acompanha todos os jogos da Copa Paulista"},"2342326":{"titulo":"Comercial x Inter de Limeira - Decis\u00e3o nas Oitavas de Final","link":"https:\/\/www.futebolinterior.com.br\/comercial-x-inter-de-limeira-oitavas\/","chapeu":"QUEM PASSA?","data":"01\/09\/2025","imagem":"https:\/\/images.futebolinterior.com.br\/2025\/09\/Inter-de-Limeira-bate-Comercial-na-Copa-Paulista-3-scaled-1-300x200.webp","resumo":"O Comercial recebe a Inter de Limeira nesta ter\u00e7a-feira (02), para decidir a \u00faltima vaga nas quartas de final da Copa Paulista 2025."},"2342197":{"titulo":"Comercial e Inter de Limeira definir\u00e3o jogos das quartas de final da Copa Paulista","link":"https:\/\/www.futebolinterior.com.br\/comercial-e-inter-de-limeira-definirao-jogos-das-quartas-de-final-da-copa-paulista\/","chapeu":"CONFIRA","data":"01\/09\/2025","imagem":"https:\/\/images.futebolinterior.com.br\/2025\/09\/Inter-de-Limeira-300x132.webp","resumo":"Veja os poss\u00edveis confrontos das quartas de final das quartas de final da Copa Paulista "},"2341938":{"titulo":"Primavera 2 x 0 Paulista - Fantasma avan\u00e7a na Copa Paulista","link":"https:\/\/www.futebolinterior.com.br\/primavera-2-x-0-paulista-fantasma-avanca-na-copa-paulista\/","chapeu":"CLASSIFICADO!","data":"31\/08\/2025","imagem":"https:\/\/images.futebolinterior.com.br\/2025\/08\/Primavera-penalti-300x219.webp","resumo":"O time de Indaiatuba foi superior durante boa parte da partida e construiu a classifica\u00e7\u00e3o ainda na etapa inicial."}}